{"id":4663,"date":"2026-04-19T06:44:28","date_gmt":"2026-04-19T09:44:28","guid":{"rendered":"https:\/\/www.encontraminasgerais.com.br\/ouro-preto\/governo-antecipa-o-21-de-abril-e-ouro-preto-vira-sede-de-minas-gerais-ja-neste-domingo\/"},"modified":"2026-04-19T06:44:28","modified_gmt":"2026-04-19T09:44:28","slug":"governo-antecipa-o-21-de-abril-e-ouro-preto-vira-sede-de-minas-gerais-ja-neste-domingo","status":"publish","type":"post","link":"https:\/\/www.encontraminasgerais.com.br\/ouro-preto\/governo-antecipa-o-21-de-abril-e-ouro-preto-vira-sede-de-minas-gerais-ja-neste-domingo\/","title":{"rendered":"Governo antecipa o \u201821 de abril\u2019 e Ouro Preto vira sede de Minas Gerais j\u00e1 neste domingo"},"content":{"rendered":"<h2>O que \u00e9 o Dia de Tiradentes?<\/h2>\n<p>O Dia de Tiradentes, celebrado em 21 de abril, \u00e9 uma data significativa no calend\u00e1rio brasileiro, homenageando Joaquim Jos\u00e9 da Silva Xavier, conhecido como Tiradentes. Este dia marca a mem\u00f3ria da inconfid\u00eancia mineira, uma revolta contra o dom\u00ednio colonial portugu\u00eas que ocorreu no final do s\u00e9culo XVIII. Tiradentes foi um dos principais l\u00edderes desse movimento e, ap\u00f3s ser preso e condenado, foi executado em 1792, tornando-se um s\u00edmbolo de luta pela liberdade.<\/p>\n<h2>Hist\u00f3ria da Medalha da Inconfid\u00eancia<\/h2>\n<p>A Medalha da Inconfid\u00eancia, criada em 1952 pelo ent\u00e3o governador Juscelino Kubitschek, \u00e9 uma honraria concedida pelo estado de Minas Gerais. O reconhecimento \u00e9 destinado a personalidades e institui\u00e7\u00f5es que tenham contribu\u00eddo para o progresso e desenvolvimento do estado e do pa\u00eds. A medalha \u00e9 dividida em quatro categorias: Grande Colar, Grande Medalha, Medalha de Honra e Medalha da Inconfid\u00eancia.<\/p>\n<h2>Import\u00e2ncia de Ouro Preto na Hist\u00f3ria de Minas Gerais<\/h2>\n<p>Ouro Preto, antiga capital da Prov\u00edncia de Minas Gerais, desempenhou um papel fundamental na hist\u00f3ria do Brasil devido \u00e0 sua riqueza em ouro e o desenvolvimento cultural durante o per\u00edodo colonial. A cidade, com suas igrejas barrocas e arquitetura colonial, \u00e9 um destino tur\u00edstico importante e um Patrim\u00f4nio Mundial da UNESCO. A tradi\u00e7\u00e3o de transferir simbolicamente a capital para Ouro Preto no Dia de Tiradentes reflete sua relev\u00e2ncia hist\u00f3rica e cultural.<\/p>\n<p><img decoding=\"async\" src=\"https:\/\/www.encontraminasgerais.com.br\/ouro-preto\/wp-content\/uploads\/2026\/04\/governo-antecipa-o-21-de-abril-e-ouro-preto-vira-sede-de-minas-gerais-ja-neste-domingo.webp\" alt=\"Ouro Preto\" loading=\"lazy\" \/><\/p>\n<h2>O Governador e seu &#8216;tour&#8217; pelo interior<\/h2>\n<p>O governador Mateus Sim\u00f5es (PSD) tem embarcado em um &#8216;tour&#8217; por diversas cidades do interior do estado desde que assumiu o cargo em mar\u00e7o de 2026. Essa iniciativa visa n\u00e3o apenas aumentar sua visibilidade entre a popula\u00e7\u00e3o, mas tamb\u00e9m entender melhor as necessidades locais. A decis\u00e3o de antecipar a cerim\u00f4nia de transfer\u00eancia simb\u00f3lica da capital para Ouro Preto \u00e9 parte desse esfor\u00e7o. Segundo ele, &#8220;\u00e9 nossa primeira capital, \u00e9 representativa do barroco mineiro no Brasil e por isso n\u00e3o poderia deixar de estar falando de Ouro Preto para o estado todo.&#8221;<\/p>\n<h2>Como a tradi\u00e7\u00e3o molda a identidade mineira<\/h2>\n<p>A tradi\u00e7\u00e3o de celebrar o Dia de Tiradentes em Ouro Preto n\u00e3o \u00e9 apenas uma quest\u00e3o de reconhecimento hist\u00f3rico, mas tamb\u00e9m de formar uma identidade cultural entre os mineiros. A cidade \u00e9 vista como um s\u00edmbolo da resist\u00eancia contra a opress\u00e3o e a busca pela liberdade, o que fortalece o senso de pertencimento e orgulho entre os habitantes de Minas Gerais.<\/p>\n<h2>O que esperar da cerim\u00f4nia de antecipa\u00e7\u00e3o<\/h2>\n<p>A cerim\u00f4nia de antecipa\u00e7\u00e3o do Dia de Tiradentes, que ocorrer\u00e1 no dia 19 de abril em Ouro Preto, promete ser um evento repleto de simbolismo e celebra\u00e7\u00f5es. Com a presen\u00e7a de autoridades e a popula\u00e7\u00e3o local, a cerim\u00f4nia destacar\u00e1 a import\u00e2ncia da Medalha da Inconfid\u00eancia e os agraciados deste ano. Essa celebra\u00e7\u00e3o n\u00e3o apenas relembra a hist\u00f3ria, mas tamb\u00e9m valoriza aqueles que contribuem para o desenvolvimento de Minas Gerais.<\/p>\n<h2>Participantes da Medalha da Inconfid\u00eancia 2026<\/h2>\n<p>No evento de 2026, 171 indiv\u00edduos e organiza\u00e7\u00f5es ser\u00e3o homenageados, divididos nas quatro categorias da medalha. O governador de S\u00e3o Paulo, Tarc\u00edsio de Freitas, foi escolhido para receber o Grande Colar, destacando a import\u00e2ncia da conex\u00e3o entre os estados. As homenagens incluem personalidades que t\u00eam sido fundamentais para o avan\u00e7o das comunidades mineiras e do Brasil.<\/p>\n<h2>Impactos da mudan\u00e7a simb\u00f3lica da sede<\/h2>\n<p>Transferir simbolicamente a capital de Minas Gerais para Ouro Preto tem impactos n\u00e3o apenas culturais, mas tamb\u00e9m pol\u00edticos. Essa a\u00e7\u00e3o refor\u00e7a a presen\u00e7a do governo estadual nas regi\u00f5es interioranas e mostra um compromisso com as comunidades locais. O &#8216;Governo Presente&#8217;, uma iniciativa de Mateus Sim\u00f5es, busca resolver demandas da popula\u00e7\u00e3o, mostrando que a gest\u00e3o p\u00fablica \u00e9 um assunto que deve ser debatido em todo o estado.<\/p>\n<h2>Celebrando a cultura barrocada de Ouro Preto<\/h2>\n<p>A cerim\u00f4nia em Ouro Preto \u00e9 uma oportunidade para celebrar a rica cultura barroca que a cidade representa. A arquitetura, a m\u00fasica e a arte local tornam essa data ainda mais especial, atraindo turistas e reafirmando o papel da cidade como um centro cultural do Brasil. As festividades incluem apresenta\u00e7\u00f5es art\u00edsticas e culturais que enfatizam a heran\u00e7a hist\u00f3rica e o valor art\u00edstico que Ouro Preto carrega.<\/p>\n<h2>A relev\u00e2ncia do Governo Presente<\/h2>\n<p>O projeto do &#8216;Governo Presente&#8217;, criado por Sim\u00f5es, visa aproximar o governo das realidades localizadas no interior do estado. Esse esfor\u00e7o busca n\u00e3o s\u00f3 atender demandas, mas tamb\u00e9m proporcionar um espa\u00e7o de di\u00e1logo entre o governo e os cidad\u00e3os. A iniciativa enfatiza que a administra\u00e7\u00e3o deve reconhecer e valorizar a diversidade regional de Minas Gerais, promovendo um governo mais inclusivo e participativo.<\/p>\n<p>Portanto, o Dia de Tiradentes representa mais do que apenas uma data em que se lembra de um her\u00f3i; \u00e9 um momento de celebra\u00e7\u00e3o da hist\u00f3ria mineira, das tradi\u00e7\u00f5es culturais e do compromisso cont\u00ednuo com o desenvolvimento das comunidades em todo o estado.<\/p>\n","protected":false},"excerpt":{"rendered":"<p>Minas Gerais antecipa a sede em Ouro Preto para o dia 21 de abril.<\/p>\n","protected":false},"author":1,"featured_media":4662,"comment_status":"open","ping_status":"open","sticky":false,"template":"","format":"standard","meta":{"footnotes":""},"categories":[5],"tags":[],"class_list":["post-4663","post","type-post","status-publish","format-standard","has-post-thumbnail","hentry","category-noticias","has_thumb"],"yoast_head":"<!-- This site is optimized with the Yoast SEO plugin v27.2 - https:\/\/yoast.com\/product\/yoast-seo-wordpress\/ -->\n<title>Governo antecipa o \u201821 de abril\u2019 e Ouro Preto vira sede de Minas Gerais j\u00e1 neste domingo | Guia Comercial de Ouro Preto MG<\/title>\n<meta name=\"robots\" content=\"index, follow, max-snippet:-1, max-image-preview:large, max-video-preview:-1\" \/>\n<link rel=\"canonical\" href=\"https:\/\/www.encontraminasgerais.com.br\/ouro-preto\/governo-antecipa-o-21-de-abril-e-ouro-preto-vira-sede-de-minas-gerais-ja-neste-domingo\/\" \/>\n<meta property=\"og:locale\" content=\"pt_BR\" \/>\n<meta property=\"og:type\" content=\"article\" \/>\n<meta property=\"og:title\" content=\"Governo antecipa o \u201821 de abril\u2019 e Ouro Preto vira sede de Minas Gerais j\u00e1 neste domingo | Guia Comercial de Ouro Preto MG\" \/>\n<meta property=\"og:description\" content=\"Minas Gerais antecipa a sede em Ouro Preto para o dia 21 de abril.\" \/>\n<meta property=\"og:url\" content=\"https:\/\/www.encontraminasgerais.com.br\/ouro-preto\/governo-antecipa-o-21-de-abril-e-ouro-preto-vira-sede-de-minas-gerais-ja-neste-domingo\/\" \/>\n<meta property=\"og:site_name\" content=\"Guia Comercial de Ouro Preto MG\" \/>\n<meta property=\"article:published_time\" content=\"2026-04-19T09:44:28+00:00\" \/>\n<meta property=\"og:image\" content=\"https:\/\/www.encontraminasgerais.com.br\/ouro-preto\/wp-content\/uploads\/2026\/04\/governo-antecipa-o-21-de-abril-e-ouro-preto-vira-sede-de-minas-gerais-ja-neste-domingo.webp\" \/>\n<meta name=\"author\" content=\"Encontra Ouro Preto\" \/>\n<meta name=\"twitter:card\" content=\"summary_large_image\" \/>\n<meta name=\"twitter:label1\" content=\"Escrito por\" \/>\n\t<meta name=\"twitter:data1\" content=\"Encontra Ouro Preto\" \/>\n\t<meta name=\"twitter:label2\" content=\"Est. tempo de leitura\" \/>\n\t<meta name=\"twitter:data2\" content=\"4 minutos\" \/>\n<script type=\"application\/ld+json\" class=\"yoast-schema-graph\">{\"@context\":\"https:\/\/schema.org\",\"@graph\":[{\"@type\":\"Article\",\"@id\":\"https:\/\/www.encontraminasgerais.com.br\/ouro-preto\/governo-antecipa-o-21-de-abril-e-ouro-preto-vira-sede-de-minas-gerais-ja-neste-domingo\/#article\",\"isPartOf\":{\"@id\":\"https:\/\/www.encontraminasgerais.com.br\/ouro-preto\/governo-antecipa-o-21-de-abril-e-ouro-preto-vira-sede-de-minas-gerais-ja-neste-domingo\/\"},\"author\":{\"name\":\"Encontra Ouro Preto\",\"@id\":\"https:\/\/www.encontraminasgerais.com.br\/ouro-preto\/#\/schema\/person\/d55d0e79e38dd7d6474efd815b181c4d\"},\"headline\":\"Governo antecipa o \u201821 de abril\u2019 e Ouro Preto vira sede de Minas Gerais j\u00e1 neste domingo\",\"datePublished\":\"2026-04-19T09:44:28+00:00\",\"mainEntityOfPage\":{\"@id\":\"https:\/\/www.encontraminasgerais.com.br\/ouro-preto\/governo-antecipa-o-21-de-abril-e-ouro-preto-vira-sede-de-minas-gerais-ja-neste-domingo\/\"},\"wordCount\":881,\"commentCount\":0,\"image\":{\"@id\":\"https:\/\/www.encontraminasgerais.com.br\/ouro-preto\/governo-antecipa-o-21-de-abril-e-ouro-preto-vira-sede-de-minas-gerais-ja-neste-domingo\/#primaryimage\"},\"thumbnailUrl\":\"https:\/\/www.encontraminasgerais.com.br\/ouro-preto\/wp-content\/uploads\/2026\/04\/governo-antecipa-o-21-de-abril-e-ouro-preto-vira-sede-de-minas-gerais-ja-neste-domingo.webp\",\"articleSection\":[\"Not\u00edcias Ouro Preto\"],\"inLanguage\":\"pt-BR\",\"potentialAction\":[{\"@type\":\"CommentAction\",\"name\":\"Comment\",\"target\":[\"https:\/\/www.encontraminasgerais.com.br\/ouro-preto\/governo-antecipa-o-21-de-abril-e-ouro-preto-vira-sede-de-minas-gerais-ja-neste-domingo\/#respond\"]}]},{\"@type\":\"WebPage\",\"@id\":\"https:\/\/www.encontraminasgerais.com.br\/ouro-preto\/governo-antecipa-o-21-de-abril-e-ouro-preto-vira-sede-de-minas-gerais-ja-neste-domingo\/\",\"url\":\"https:\/\/www.encontraminasgerais.com.br\/ouro-preto\/governo-antecipa-o-21-de-abril-e-ouro-preto-vira-sede-de-minas-gerais-ja-neste-domingo\/\",\"name\":\"Governo antecipa o \u201821 de abril\u2019 e Ouro Preto vira sede de Minas Gerais j\u00e1 neste domingo | Guia Comercial de Ouro Preto MG\",\"isPartOf\":{\"@id\":\"https:\/\/www.encontraminasgerais.com.br\/ouro-preto\/#website\"},\"primaryImageOfPage\":{\"@id\":\"https:\/\/www.encontraminasgerais.com.br\/ouro-preto\/governo-antecipa-o-21-de-abril-e-ouro-preto-vira-sede-de-minas-gerais-ja-neste-domingo\/#primaryimage\"},\"image\":{\"@id\":\"https:\/\/www.encontraminasgerais.com.br\/ouro-preto\/governo-antecipa-o-21-de-abril-e-ouro-preto-vira-sede-de-minas-gerais-ja-neste-domingo\/#primaryimage\"},\"thumbnailUrl\":\"https:\/\/www.encontraminasgerais.com.br\/ouro-preto\/wp-content\/uploads\/2026\/04\/governo-antecipa-o-21-de-abril-e-ouro-preto-vira-sede-de-minas-gerais-ja-neste-domingo.webp\",\"datePublished\":\"2026-04-19T09:44:28+00:00\",\"author\":{\"@id\":\"https:\/\/www.encontraminasgerais.com.br\/ouro-preto\/#\/schema\/person\/d55d0e79e38dd7d6474efd815b181c4d\"},\"inLanguage\":\"pt-BR\",\"potentialAction\":[{\"@type\":\"ReadAction\",\"target\":[\"https:\/\/www.encontraminasgerais.com.br\/ouro-preto\/governo-antecipa-o-21-de-abril-e-ouro-preto-vira-sede-de-minas-gerais-ja-neste-domingo\/\"]}]},{\"@type\":\"ImageObject\",\"inLanguage\":\"pt-BR\",\"@id\":\"https:\/\/www.encontraminasgerais.com.br\/ouro-preto\/governo-antecipa-o-21-de-abril-e-ouro-preto-vira-sede-de-minas-gerais-ja-neste-domingo\/#primaryimage\",\"url\":\"https:\/\/www.encontraminasgerais.com.br\/ouro-preto\/wp-content\/uploads\/2026\/04\/governo-antecipa-o-21-de-abril-e-ouro-preto-vira-sede-de-minas-gerais-ja-neste-domingo.webp\",\"contentUrl\":\"https:\/\/www.encontraminasgerais.com.br\/ouro-preto\/wp-content\/uploads\/2026\/04\/governo-antecipa-o-21-de-abril-e-ouro-preto-vira-sede-de-minas-gerais-ja-neste-domingo.webp\",\"width\":280,\"height\":280,\"caption\":\"Ouro Preto\"},{\"@type\":\"WebSite\",\"@id\":\"https:\/\/www.encontraminasgerais.com.br\/ouro-preto\/#website\",\"url\":\"https:\/\/www.encontraminasgerais.com.br\/ouro-preto\/\",\"name\":\"Guia Comercial de Ouro Preto MG\",\"description\":\"O Encontra Ouro Preto \u00e9 o guia mais completo da cidade Ouro Preto com com\u00e9rcios, servi\u00e7os, noticias, jornal, hist\u00f3ria e lazer da cidade.\",\"potentialAction\":[{\"@type\":\"SearchAction\",\"target\":{\"@type\":\"EntryPoint\",\"urlTemplate\":\"https:\/\/www.encontraminasgerais.com.br\/ouro-preto\/?s={search_term_string}\"},\"query-input\":{\"@type\":\"PropertyValueSpecification\",\"valueRequired\":true,\"valueName\":\"search_term_string\"}}],\"inLanguage\":\"pt-BR\"},{\"@type\":\"Person\",\"@id\":\"https:\/\/www.encontraminasgerais.com.br\/ouro-preto\/#\/schema\/person\/d55d0e79e38dd7d6474efd815b181c4d\",\"name\":\"Encontra Ouro Preto\",\"image\":{\"@type\":\"ImageObject\",\"inLanguage\":\"pt-BR\",\"@id\":\"https:\/\/secure.gravatar.com\/avatar\/c50c17820bcf322f0a8fd6b110b8c0918141409dc69076470f6fca5fee70a5d4?s=96&d=mm&r=g\",\"url\":\"https:\/\/secure.gravatar.com\/avatar\/c50c17820bcf322f0a8fd6b110b8c0918141409dc69076470f6fca5fee70a5d4?s=96&d=mm&r=g\",\"contentUrl\":\"https:\/\/secure.gravatar.com\/avatar\/c50c17820bcf322f0a8fd6b110b8c0918141409dc69076470f6fca5fee70a5d4?s=96&d=mm&r=g\",\"caption\":\"Encontra Ouro Preto\"},\"url\":\"https:\/\/www.encontraminasgerais.com.br\/ouro-preto\/author\/encontraouropreto\/\"}]}<\/script>\n<!-- \/ Yoast SEO plugin. -->","yoast_head_json":{"title":"Governo antecipa o \u201821 de abril\u2019 e Ouro Preto vira sede de Minas Gerais j\u00e1 neste domingo | Guia Comercial de Ouro Preto MG","robots":{"index":"index","follow":"follow","max-snippet":"max-snippet:-1","max-image-preview":"max-image-preview:large","max-video-preview":"max-video-preview:-1"},"canonical":"https:\/\/www.encontraminasgerais.com.br\/ouro-preto\/governo-antecipa-o-21-de-abril-e-ouro-preto-vira-sede-de-minas-gerais-ja-neste-domingo\/","og_locale":"pt_BR","og_type":"article","og_title":"Governo antecipa o \u201821 de abril\u2019 e Ouro Preto vira sede de Minas Gerais j\u00e1 neste domingo | Guia Comercial de Ouro Preto MG","og_description":"Minas Gerais antecipa a sede em Ouro Preto para o dia 21 de abril.","og_url":"https:\/\/www.encontraminasgerais.com.br\/ouro-preto\/governo-antecipa-o-21-de-abril-e-ouro-preto-vira-sede-de-minas-gerais-ja-neste-domingo\/","og_site_name":"Guia Comercial de Ouro Preto MG","article_published_time":"2026-04-19T09:44:28+00:00","og_image":[{"url":"https:\/\/www.encontraminasgerais.com.br\/ouro-preto\/wp-content\/uploads\/2026\/04\/governo-antecipa-o-21-de-abril-e-ouro-preto-vira-sede-de-minas-gerais-ja-neste-domingo.webp","type":"","width":"","height":""}],"author":"Encontra Ouro Preto","twitter_card":"summary_large_image","twitter_misc":{"Escrito por":"Encontra Ouro Preto","Est. tempo de leitura":"4 minutos"},"schema":{"@context":"https:\/\/schema.org","@graph":[{"@type":"Article","@id":"https:\/\/www.encontraminasgerais.com.br\/ouro-preto\/governo-antecipa-o-21-de-abril-e-ouro-preto-vira-sede-de-minas-gerais-ja-neste-domingo\/#article","isPartOf":{"@id":"https:\/\/www.encontraminasgerais.com.br\/ouro-preto\/governo-antecipa-o-21-de-abril-e-ouro-preto-vira-sede-de-minas-gerais-ja-neste-domingo\/"},"author":{"name":"Encontra Ouro Preto","@id":"https:\/\/www.encontraminasgerais.com.br\/ouro-preto\/#\/schema\/person\/d55d0e79e38dd7d6474efd815b181c4d"},"headline":"Governo antecipa o \u201821 de abril\u2019 e Ouro Preto vira sede de Minas Gerais j\u00e1 neste domingo","datePublished":"2026-04-19T09:44:28+00:00","mainEntityOfPage":{"@id":"https:\/\/www.encontraminasgerais.com.br\/ouro-preto\/governo-antecipa-o-21-de-abril-e-ouro-preto-vira-sede-de-minas-gerais-ja-neste-domingo\/"},"wordCount":881,"commentCount":0,"image":{"@id":"https:\/\/www.encontraminasgerais.com.br\/ouro-preto\/governo-antecipa-o-21-de-abril-e-ouro-preto-vira-sede-de-minas-gerais-ja-neste-domingo\/#primaryimage"},"thumbnailUrl":"https:\/\/www.encontraminasgerais.com.br\/ouro-preto\/wp-content\/uploads\/2026\/04\/governo-antecipa-o-21-de-abril-e-ouro-preto-vira-sede-de-minas-gerais-ja-neste-domingo.webp","articleSection":["Not\u00edcias Ouro Preto"],"inLanguage":"pt-BR","potentialAction":[{"@type":"CommentAction","name":"Comment","target":["https:\/\/www.encontraminasgerais.com.br\/ouro-preto\/governo-antecipa-o-21-de-abril-e-ouro-preto-vira-sede-de-minas-gerais-ja-neste-domingo\/#respond"]}]},{"@type":"WebPage","@id":"https:\/\/www.encontraminasgerais.com.br\/ouro-preto\/governo-antecipa-o-21-de-abril-e-ouro-preto-vira-sede-de-minas-gerais-ja-neste-domingo\/","url":"https:\/\/www.encontraminasgerais.com.br\/ouro-preto\/governo-antecipa-o-21-de-abril-e-ouro-preto-vira-sede-de-minas-gerais-ja-neste-domingo\/","name":"Governo antecipa o \u201821 de abril\u2019 e Ouro Preto vira sede de Minas Gerais j\u00e1 neste domingo | Guia Comercial de Ouro Preto MG","isPartOf":{"@id":"https:\/\/www.encontraminasgerais.com.br\/ouro-preto\/#website"},"primaryImageOfPage":{"@id":"https:\/\/www.encontraminasgerais.com.br\/ouro-preto\/governo-antecipa-o-21-de-abril-e-ouro-preto-vira-sede-de-minas-gerais-ja-neste-domingo\/#primaryimage"},"image":{"@id":"https:\/\/www.encontraminasgerais.com.br\/ouro-preto\/governo-antecipa-o-21-de-abril-e-ouro-preto-vira-sede-de-minas-gerais-ja-neste-domingo\/#primaryimage"},"thumbnailUrl":"https:\/\/www.encontraminasgerais.com.br\/ouro-preto\/wp-content\/uploads\/2026\/04\/governo-antecipa-o-21-de-abril-e-ouro-preto-vira-sede-de-minas-gerais-ja-neste-domingo.webp","datePublished":"2026-04-19T09:44:28+00:00","author":{"@id":"https:\/\/www.encontraminasgerais.com.br\/ouro-preto\/#\/schema\/person\/d55d0e79e38dd7d6474efd815b181c4d"},"inLanguage":"pt-BR","potentialAction":[{"@type":"ReadAction","target":["https:\/\/www.encontraminasgerais.com.br\/ouro-preto\/governo-antecipa-o-21-de-abril-e-ouro-preto-vira-sede-de-minas-gerais-ja-neste-domingo\/"]}]},{"@type":"ImageObject","inLanguage":"pt-BR","@id":"https:\/\/www.encontraminasgerais.com.br\/ouro-preto\/governo-antecipa-o-21-de-abril-e-ouro-preto-vira-sede-de-minas-gerais-ja-neste-domingo\/#primaryimage","url":"https:\/\/www.encontraminasgerais.com.br\/ouro-preto\/wp-content\/uploads\/2026\/04\/governo-antecipa-o-21-de-abril-e-ouro-preto-vira-sede-de-minas-gerais-ja-neste-domingo.webp","contentUrl":"https:\/\/www.encontraminasgerais.com.br\/ouro-preto\/wp-content\/uploads\/2026\/04\/governo-antecipa-o-21-de-abril-e-ouro-preto-vira-sede-de-minas-gerais-ja-neste-domingo.webp","width":280,"height":280,"caption":"Ouro Preto"},{"@type":"WebSite","@id":"https:\/\/www.encontraminasgerais.com.br\/ouro-preto\/#website","url":"https:\/\/www.encontraminasgerais.com.br\/ouro-preto\/","name":"Guia Comercial de Ouro Preto MG","description":"O Encontra Ouro Preto \u00e9 o guia mais completo da cidade Ouro Preto com com\u00e9rcios, servi\u00e7os, noticias, jornal, hist\u00f3ria e lazer da cidade.","potentialAction":[{"@type":"SearchAction","target":{"@type":"EntryPoint","urlTemplate":"https:\/\/www.encontraminasgerais.com.br\/ouro-preto\/?s={search_term_string}"},"query-input":{"@type":"PropertyValueSpecification","valueRequired":true,"valueName":"search_term_string"}}],"inLanguage":"pt-BR"},{"@type":"Person","@id":"https:\/\/www.encontraminasgerais.com.br\/ouro-preto\/#\/schema\/person\/d55d0e79e38dd7d6474efd815b181c4d","name":"Encontra Ouro Preto","image":{"@type":"ImageObject","inLanguage":"pt-BR","@id":"https:\/\/secure.gravatar.com\/avatar\/c50c17820bcf322f0a8fd6b110b8c0918141409dc69076470f6fca5fee70a5d4?s=96&d=mm&r=g","url":"https:\/\/secure.gravatar.com\/avatar\/c50c17820bcf322f0a8fd6b110b8c0918141409dc69076470f6fca5fee70a5d4?s=96&d=mm&r=g","contentUrl":"https:\/\/secure.gravatar.com\/avatar\/c50c17820bcf322f0a8fd6b110b8c0918141409dc69076470f6fca5fee70a5d4?s=96&d=mm&r=g","caption":"Encontra Ouro Preto"},"url":"https:\/\/www.encontraminasgerais.com.br\/ouro-preto\/author\/encontraouropreto\/"}]}},"_links":{"self":[{"href":"https:\/\/www.encontraminasgerais.com.br\/ouro-preto\/wp-json\/wp\/v2\/posts\/4663","targetHints":{"allow":["GET"]}}],"collection":[{"href":"https:\/\/www.encontraminasgerais.com.br\/ouro-preto\/wp-json\/wp\/v2\/posts"}],"about":[{"href":"https:\/\/www.encontraminasgerais.com.br\/ouro-preto\/wp-json\/wp\/v2\/types\/post"}],"author":[{"embeddable":true,"href":"https:\/\/www.encontraminasgerais.com.br\/ouro-preto\/wp-json\/wp\/v2\/users\/1"}],"replies":[{"embeddable":true,"href":"https:\/\/www.encontraminasgerais.com.br\/ouro-preto\/wp-json\/wp\/v2\/comments?post=4663"}],"version-history":[{"count":0,"href":"https:\/\/www.encontraminasgerais.com.br\/ouro-preto\/wp-json\/wp\/v2\/posts\/4663\/revisions"}],"wp:featuredmedia":[{"embeddable":true,"href":"https:\/\/www.encontraminasgerais.com.br\/ouro-preto\/wp-json\/wp\/v2\/media\/4662"}],"wp:attachment":[{"href":"https:\/\/www.encontraminasgerais.com.br\/ouro-preto\/wp-json\/wp\/v2\/media?parent=4663"}],"wp:term":[{"taxonomy":"category","embeddable":true,"href":"https:\/\/www.encontraminasgerais.com.br\/ouro-preto\/wp-json\/wp\/v2\/categories?post=4663"},{"taxonomy":"post_tag","embeddable":true,"href":"https:\/\/www.encontraminasgerais.com.br\/ouro-preto\/wp-json\/wp\/v2\/tags?post=4663"}],"curies":[{"name":"wp","href":"https:\/\/api.w.org\/{rel}","templated":true}]}}