{"id":4681,"date":"2026-04-23T06:39:35","date_gmt":"2026-04-23T09:39:35","guid":{"rendered":"https:\/\/www.encontraminasgerais.com.br\/ouro-preto\/troca-de-farpas-entre-prefeito-e-governador-marca-evento-oficial-em-mg-video\/"},"modified":"2026-04-23T06:39:35","modified_gmt":"2026-04-23T09:39:35","slug":"troca-de-farpas-entre-prefeito-e-governador-marca-evento-oficial-em-mg-video","status":"publish","type":"post","link":"https:\/\/www.encontraminasgerais.com.br\/ouro-preto\/troca-de-farpas-entre-prefeito-e-governador-marca-evento-oficial-em-mg-video\/","title":{"rendered":"Troca de farpas entre prefeito e governador marca evento oficial em MG V\u00eddeo"},"content":{"rendered":"<h2>Introdu\u00e7\u00e3o \u00e0 Cerim\u00f4nia da Medalha da Inconfid\u00eancia<\/h2>\n<p>O evento que ocorreu no dia 21 de abril de 2026, em Belo Horizonte, consistiu na entrega da Medalha da Inconfid\u00eancia, uma importante honraria em Minas Gerais. Essa cerim\u00f4nia \u00e9 tradicionalmente realizada para homenagear figuras que contribu\u00edram para o desenvolvimento do estado e para a hist\u00f3ria nacional. Contudo, o evento deste ano foi especialmente intenso devido \u00e0 troca de cr\u00edticas entre o prefeito de Ouro Preto e o governador mineiro, que acabou criando um clima de tens\u00e3o e pol\u00eamica.<\/p>\n<h2>Debate sobre Educa\u00e7\u00e3o C\u00edvico-Militar em Minas Gerais<\/h2>\n<p>Uma das quest\u00f5es centrais levantadas durante a cerim\u00f4nia foi a discuss\u00e3o sobre o modelo de escolas c\u00edvico-militares proposto pelo governo estadual. Durante seu discurso, o prefeito \u00c2ngelo Oswaldo n\u00e3o hesitou em criticar essa abordagem, propondo um modelo alternativo, uma educa\u00e7\u00e3o chamada &#8220;c\u00edvico-militante&#8221;. Esse modelo pretende n\u00e3o apenas educar, mas tamb\u00e9m desenvolver uma forma\u00e7\u00e3o cr\u00edtica e cidad\u00e3 entre os alunos, divergingindo da vis\u00e3o mais militarista defendida pelo governo.<\/p>\n<h2>Cr\u00edticas do Prefeito \u00c2ngelo Oswaldo<\/h2>\n<p>O prefeito de Ouro Preto, \u00c2ngelo Oswaldo, fez seu ponto de vista claro ao criticar o que ele chamou de &#8220;militarismo&#8221; nas pol\u00edticas educacionais do estado. Usando refer\u00eancias hist\u00f3ricas e figuras ilustres como Juscelino Kubitschek e Rui Barbosa, Oswaldo sustentou que a tradi\u00e7\u00e3o mineira deve ser preservada atrav\u00e9s de uma educa\u00e7\u00e3o democr\u00e1tica e livre. Para ele, o modelo c\u00edvico-militar n\u00e3o se alinha com a identidade do estado, que valoriza a liberdade e a educa\u00e7\u00e3o cr\u00edtica.<\/p>\n<p><img decoding=\"async\" src=\"https:\/\/www.encontraminasgerais.com.br\/ouro-preto\/wp-content\/uploads\/2026\/04\/troca-de-farpas-entre-prefeito-e-governador-marca-evento-oficial-em-mg-video.webp\" alt=\"troca de farpas\" loading=\"lazy\" \/><\/p>\n<h2>Rea\u00e7\u00e3o do Governador Mateus Sim\u00f5es<\/h2>\n<p>A resposta do governador, Mateus Sim\u00f5es, foi imediata e contundente. Ele descreveu o discurso do prefeito como desrespeitoso, especialmente considerando a presen\u00e7a de militares na ceremonia. Sim\u00f5es enfatizou a import\u00e2ncia do respeito em ambientes institucionais e a necessidade de uma comunica\u00e7\u00e3o adequada entre representantes p\u00fablicos. Segundo ele, espera-se que autoridades ajam com considera\u00e7\u00e3o, principalmente quando se referem \u00e0quelas que representam a seguran\u00e7a e a ordem p\u00fablica.<\/p>\n<h2>Hist\u00f3rico da Inconfid\u00eancia Mineira<\/h2>\n<p>A Inconfid\u00eancia Mineira, situada no final do s\u00e9culo XVIII, foi um movimento que buscou a independ\u00eancia do Brasil do dom\u00ednio portugu\u00eas. Este evento \u00e9 central na hist\u00f3ria de Minas Gerais e simboliza a luta pela liberdade e autonomia. Durante a cerim\u00f4nia, as refer\u00eancias \u00e0 Inconfid\u00eancia evocaram discuss\u00f5es sobre o papel da educa\u00e7\u00e3o na forma\u00e7\u00e3o de cidad\u00e3os conscientes e cr\u00edticos. A conex\u00e3o entre essa luta hist\u00f3rica e o sistema educacional contempor\u00e2neo foi um dos pontos destacados por Oswaldo.<\/p>\n<h2>O papel das escolas c\u00edvico-militares<\/h2>\n<p>O programa de escolas c\u00edvico-militares proposto pelo governo estadual visa integrar princ\u00edpios de disciplina militar na forma\u00e7\u00e3o educacional. O objetivo declarado \u00e9 melhorar a seguran\u00e7a e a gest\u00e3o nas escolas estaduais, atrav\u00e9s da colabora\u00e7\u00e3o com institui\u00e7\u00f5es militares. Contudo, essa estrat\u00e9gia tem gerado controv\u00e9rsias e divis\u00f5es no debate p\u00fablico, mobilizando opini\u00f5es contr\u00e1rias e a favor, refletem a complexidade de se discutir os modelos educacionais que mais se adequam ao contexto local.<\/p>\n<h2>Tens\u00e3o entre autoridades civis e militares<\/h2>\n<p>O embate entre o prefeito e o governador n\u00e3o apenas manifestou discord\u00e2ncias pol\u00edticas, mas tamb\u00e9m evidenciou a divis\u00e3o entre vis\u00f5es civis e militares sobre a educa\u00e7\u00e3o em Minas Gerais. A presen\u00e7a de autoridades militares na cerim\u00f4nia potencializou a tens\u00e3o, uma vez que as cr\u00edticas de Oswaldo foram vistas como ataques \u00e0 institui\u00e7\u00e3o militar, despertando a necessidade urgente de di\u00e1logo entre os diferentes atores sociais envolvidos.<\/p>\n<h2>O impacto da educa\u00e7\u00e3o democr\u00e1tica<\/h2>\n<p>Defensores de uma abordagem educacional democr\u00e1tica argumentam que a educa\u00e7\u00e3o deve ser um espa\u00e7o de desenvolvimento cr\u00edtico e criativo, onde alunos s\u00e3o incentivados a questionar e pensar de maneira independente. Essa perspectiva, defendida por Oswaldo, coloca a forma\u00e7\u00e3o cidad\u00e3 e o respeito \u00e0 diversidade de pensamentos como pilares fundamentais da educa\u00e7\u00e3o. A educa\u00e7\u00e3o c\u00edvico-militante, que ele prop\u00f5e, busca alinhar esses princ\u00edpios com a constitui\u00e7\u00e3o cidad\u00e3 do pa\u00eds.<\/p>\n<h2>Repercuss\u00f5es nas Redes Sociais e na Opini\u00e3o P\u00fablica<\/h2>\n<p>A troca de farpas entre os l\u00edderes pol\u00edticos ressoou nas redes sociais, onde internautas manifestaram suas opini\u00f5es sobre o assunto. Muitos defendem que a educa\u00e7\u00e3o deve ser livre de influ\u00eancias militaristas e que a abordagem proposta pelo governador n\u00e3o \u00e9 adequada para a forma\u00e7\u00e3o cidad\u00e3. Por outro lado, h\u00e1 tamb\u00e9m apoiadores das escolas c\u00edvico-militares, que acreditam que a disciplina pode trazer melhorias significativas para a seguran\u00e7a nas escolas e, consequentemente, na forma\u00e7\u00e3o dos alunos.<\/p>\n<h2>Desdobramentos do Conflito Pol\u00edtico em MG<\/h2>\n<p>Este incidente n\u00e3o dever\u00e1 ser um fator isolado, mas uma continuidade em um contexto de crescente tens\u00e3o pol\u00edtica em Minas Gerais. A diverg\u00eancia entre o prefeito \u00c2ngelo Oswaldo e o governador Mateus Sim\u00f5es marca um ponto de inflex\u00e3o no debate sobre a educa\u00e7\u00e3o no estado e pode influenciar futuras pol\u00edticas p\u00fablicas. Com a discuss\u00e3o se intensificando, a maneira como essas institui\u00e7\u00f5es interagem e se comunicam pode afetar n\u00e3o apenas a educa\u00e7\u00e3o, mas a pol\u00edtica local como um todo.<\/p>\n<p>A cerim\u00f4nia da Medalha da Inconfid\u00eancia, al\u00e9m de celebrar a hist\u00f3ria de Minas Gerais, destacou um momento cr\u00edtico na pol\u00edtica do estado, refletindo as tens\u00f5es atuais em torno da educa\u00e7\u00e3o e da forma\u00e7\u00e3o de futuros cidad\u00e3os.<\/p>\n","protected":false},"excerpt":{"rendered":"<p>Troca de farpas entre prefeito e governador em evento oficial em MG.<\/p>\n","protected":false},"author":1,"featured_media":4680,"comment_status":"open","ping_status":"open","sticky":false,"template":"","format":"standard","meta":{"footnotes":""},"categories":[5],"tags":[],"class_list":["post-4681","post","type-post","status-publish","format-standard","has-post-thumbnail","hentry","category-noticias","has_thumb"],"yoast_head":"<!-- This site is optimized with the Yoast SEO plugin v27.2 - https:\/\/yoast.com\/product\/yoast-seo-wordpress\/ -->\n<title>Troca de farpas entre prefeito e governador marca evento oficial em MG V\u00eddeo | Guia Comercial de Ouro Preto MG<\/title>\n<meta name=\"robots\" content=\"index, follow, max-snippet:-1, max-image-preview:large, max-video-preview:-1\" \/>\n<link rel=\"canonical\" href=\"https:\/\/www.encontraminasgerais.com.br\/ouro-preto\/troca-de-farpas-entre-prefeito-e-governador-marca-evento-oficial-em-mg-video\/\" \/>\n<meta property=\"og:locale\" content=\"pt_BR\" \/>\n<meta property=\"og:type\" content=\"article\" \/>\n<meta property=\"og:title\" content=\"Troca de farpas entre prefeito e governador marca evento oficial em MG V\u00eddeo | Guia Comercial de Ouro Preto MG\" \/>\n<meta property=\"og:description\" content=\"Troca de farpas entre prefeito e governador em evento oficial em MG.\" \/>\n<meta property=\"og:url\" content=\"https:\/\/www.encontraminasgerais.com.br\/ouro-preto\/troca-de-farpas-entre-prefeito-e-governador-marca-evento-oficial-em-mg-video\/\" \/>\n<meta property=\"og:site_name\" content=\"Guia Comercial de Ouro Preto MG\" \/>\n<meta property=\"article:published_time\" content=\"2026-04-23T09:39:35+00:00\" \/>\n<meta property=\"og:image\" content=\"https:\/\/www.encontraminasgerais.com.br\/ouro-preto\/wp-content\/uploads\/2026\/04\/troca-de-farpas-entre-prefeito-e-governador-marca-evento-oficial-em-mg-video.webp\" \/>\n<meta name=\"author\" content=\"Encontra Ouro Preto\" \/>\n<meta name=\"twitter:card\" content=\"summary_large_image\" \/>\n<meta name=\"twitter:label1\" content=\"Escrito por\" \/>\n\t<meta name=\"twitter:data1\" content=\"Encontra Ouro Preto\" \/>\n\t<meta name=\"twitter:label2\" content=\"Est. tempo de leitura\" \/>\n\t<meta name=\"twitter:data2\" content=\"5 minutos\" \/>\n<script type=\"application\/ld+json\" class=\"yoast-schema-graph\">{\"@context\":\"https:\/\/schema.org\",\"@graph\":[{\"@type\":\"Article\",\"@id\":\"https:\/\/www.encontraminasgerais.com.br\/ouro-preto\/troca-de-farpas-entre-prefeito-e-governador-marca-evento-oficial-em-mg-video\/#article\",\"isPartOf\":{\"@id\":\"https:\/\/www.encontraminasgerais.com.br\/ouro-preto\/troca-de-farpas-entre-prefeito-e-governador-marca-evento-oficial-em-mg-video\/\"},\"author\":{\"name\":\"Encontra Ouro Preto\",\"@id\":\"https:\/\/www.encontraminasgerais.com.br\/ouro-preto\/#\/schema\/person\/d55d0e79e38dd7d6474efd815b181c4d\"},\"headline\":\"Troca de farpas entre prefeito e governador marca evento oficial em MG V\u00eddeo\",\"datePublished\":\"2026-04-23T09:39:35+00:00\",\"mainEntityOfPage\":{\"@id\":\"https:\/\/www.encontraminasgerais.com.br\/ouro-preto\/troca-de-farpas-entre-prefeito-e-governador-marca-evento-oficial-em-mg-video\/\"},\"wordCount\":964,\"commentCount\":0,\"image\":{\"@id\":\"https:\/\/www.encontraminasgerais.com.br\/ouro-preto\/troca-de-farpas-entre-prefeito-e-governador-marca-evento-oficial-em-mg-video\/#primaryimage\"},\"thumbnailUrl\":\"https:\/\/www.encontraminasgerais.com.br\/ouro-preto\/wp-content\/uploads\/2026\/04\/troca-de-farpas-entre-prefeito-e-governador-marca-evento-oficial-em-mg-video.webp\",\"articleSection\":[\"Not\u00edcias Ouro Preto\"],\"inLanguage\":\"pt-BR\",\"potentialAction\":[{\"@type\":\"CommentAction\",\"name\":\"Comment\",\"target\":[\"https:\/\/www.encontraminasgerais.com.br\/ouro-preto\/troca-de-farpas-entre-prefeito-e-governador-marca-evento-oficial-em-mg-video\/#respond\"]}]},{\"@type\":\"WebPage\",\"@id\":\"https:\/\/www.encontraminasgerais.com.br\/ouro-preto\/troca-de-farpas-entre-prefeito-e-governador-marca-evento-oficial-em-mg-video\/\",\"url\":\"https:\/\/www.encontraminasgerais.com.br\/ouro-preto\/troca-de-farpas-entre-prefeito-e-governador-marca-evento-oficial-em-mg-video\/\",\"name\":\"Troca de farpas entre prefeito e governador marca evento oficial em MG V\u00eddeo | Guia Comercial de Ouro Preto MG\",\"isPartOf\":{\"@id\":\"https:\/\/www.encontraminasgerais.com.br\/ouro-preto\/#website\"},\"primaryImageOfPage\":{\"@id\":\"https:\/\/www.encontraminasgerais.com.br\/ouro-preto\/troca-de-farpas-entre-prefeito-e-governador-marca-evento-oficial-em-mg-video\/#primaryimage\"},\"image\":{\"@id\":\"https:\/\/www.encontraminasgerais.com.br\/ouro-preto\/troca-de-farpas-entre-prefeito-e-governador-marca-evento-oficial-em-mg-video\/#primaryimage\"},\"thumbnailUrl\":\"https:\/\/www.encontraminasgerais.com.br\/ouro-preto\/wp-content\/uploads\/2026\/04\/troca-de-farpas-entre-prefeito-e-governador-marca-evento-oficial-em-mg-video.webp\",\"datePublished\":\"2026-04-23T09:39:35+00:00\",\"author\":{\"@id\":\"https:\/\/www.encontraminasgerais.com.br\/ouro-preto\/#\/schema\/person\/d55d0e79e38dd7d6474efd815b181c4d\"},\"inLanguage\":\"pt-BR\",\"potentialAction\":[{\"@type\":\"ReadAction\",\"target\":[\"https:\/\/www.encontraminasgerais.com.br\/ouro-preto\/troca-de-farpas-entre-prefeito-e-governador-marca-evento-oficial-em-mg-video\/\"]}]},{\"@type\":\"ImageObject\",\"inLanguage\":\"pt-BR\",\"@id\":\"https:\/\/www.encontraminasgerais.com.br\/ouro-preto\/troca-de-farpas-entre-prefeito-e-governador-marca-evento-oficial-em-mg-video\/#primaryimage\",\"url\":\"https:\/\/www.encontraminasgerais.com.br\/ouro-preto\/wp-content\/uploads\/2026\/04\/troca-de-farpas-entre-prefeito-e-governador-marca-evento-oficial-em-mg-video.webp\",\"contentUrl\":\"https:\/\/www.encontraminasgerais.com.br\/ouro-preto\/wp-content\/uploads\/2026\/04\/troca-de-farpas-entre-prefeito-e-governador-marca-evento-oficial-em-mg-video.webp\",\"width\":280,\"height\":280,\"caption\":\"troca de farpas\"},{\"@type\":\"WebSite\",\"@id\":\"https:\/\/www.encontraminasgerais.com.br\/ouro-preto\/#website\",\"url\":\"https:\/\/www.encontraminasgerais.com.br\/ouro-preto\/\",\"name\":\"Guia Comercial de Ouro Preto MG\",\"description\":\"O Encontra Ouro Preto \u00e9 o guia mais completo da cidade Ouro Preto com com\u00e9rcios, servi\u00e7os, noticias, jornal, hist\u00f3ria e lazer da cidade.\",\"potentialAction\":[{\"@type\":\"SearchAction\",\"target\":{\"@type\":\"EntryPoint\",\"urlTemplate\":\"https:\/\/www.encontraminasgerais.com.br\/ouro-preto\/?s={search_term_string}\"},\"query-input\":{\"@type\":\"PropertyValueSpecification\",\"valueRequired\":true,\"valueName\":\"search_term_string\"}}],\"inLanguage\":\"pt-BR\"},{\"@type\":\"Person\",\"@id\":\"https:\/\/www.encontraminasgerais.com.br\/ouro-preto\/#\/schema\/person\/d55d0e79e38dd7d6474efd815b181c4d\",\"name\":\"Encontra Ouro Preto\",\"image\":{\"@type\":\"ImageObject\",\"inLanguage\":\"pt-BR\",\"@id\":\"https:\/\/secure.gravatar.com\/avatar\/c50c17820bcf322f0a8fd6b110b8c0918141409dc69076470f6fca5fee70a5d4?s=96&d=mm&r=g\",\"url\":\"https:\/\/secure.gravatar.com\/avatar\/c50c17820bcf322f0a8fd6b110b8c0918141409dc69076470f6fca5fee70a5d4?s=96&d=mm&r=g\",\"contentUrl\":\"https:\/\/secure.gravatar.com\/avatar\/c50c17820bcf322f0a8fd6b110b8c0918141409dc69076470f6fca5fee70a5d4?s=96&d=mm&r=g\",\"caption\":\"Encontra Ouro Preto\"},\"url\":\"https:\/\/www.encontraminasgerais.com.br\/ouro-preto\/author\/encontraouropreto\/\"}]}<\/script>\n<!-- \/ Yoast SEO plugin. -->","yoast_head_json":{"title":"Troca de farpas entre prefeito e governador marca evento oficial em MG V\u00eddeo | Guia Comercial de Ouro Preto MG","robots":{"index":"index","follow":"follow","max-snippet":"max-snippet:-1","max-image-preview":"max-image-preview:large","max-video-preview":"max-video-preview:-1"},"canonical":"https:\/\/www.encontraminasgerais.com.br\/ouro-preto\/troca-de-farpas-entre-prefeito-e-governador-marca-evento-oficial-em-mg-video\/","og_locale":"pt_BR","og_type":"article","og_title":"Troca de farpas entre prefeito e governador marca evento oficial em MG V\u00eddeo | Guia Comercial de Ouro Preto MG","og_description":"Troca de farpas entre prefeito e governador em evento oficial em MG.","og_url":"https:\/\/www.encontraminasgerais.com.br\/ouro-preto\/troca-de-farpas-entre-prefeito-e-governador-marca-evento-oficial-em-mg-video\/","og_site_name":"Guia Comercial de Ouro Preto MG","article_published_time":"2026-04-23T09:39:35+00:00","og_image":[{"url":"https:\/\/www.encontraminasgerais.com.br\/ouro-preto\/wp-content\/uploads\/2026\/04\/troca-de-farpas-entre-prefeito-e-governador-marca-evento-oficial-em-mg-video.webp","type":"","width":"","height":""}],"author":"Encontra Ouro Preto","twitter_card":"summary_large_image","twitter_misc":{"Escrito por":"Encontra Ouro Preto","Est. tempo de leitura":"5 minutos"},"schema":{"@context":"https:\/\/schema.org","@graph":[{"@type":"Article","@id":"https:\/\/www.encontraminasgerais.com.br\/ouro-preto\/troca-de-farpas-entre-prefeito-e-governador-marca-evento-oficial-em-mg-video\/#article","isPartOf":{"@id":"https:\/\/www.encontraminasgerais.com.br\/ouro-preto\/troca-de-farpas-entre-prefeito-e-governador-marca-evento-oficial-em-mg-video\/"},"author":{"name":"Encontra Ouro Preto","@id":"https:\/\/www.encontraminasgerais.com.br\/ouro-preto\/#\/schema\/person\/d55d0e79e38dd7d6474efd815b181c4d"},"headline":"Troca de farpas entre prefeito e governador marca evento oficial em MG V\u00eddeo","datePublished":"2026-04-23T09:39:35+00:00","mainEntityOfPage":{"@id":"https:\/\/www.encontraminasgerais.com.br\/ouro-preto\/troca-de-farpas-entre-prefeito-e-governador-marca-evento-oficial-em-mg-video\/"},"wordCount":964,"commentCount":0,"image":{"@id":"https:\/\/www.encontraminasgerais.com.br\/ouro-preto\/troca-de-farpas-entre-prefeito-e-governador-marca-evento-oficial-em-mg-video\/#primaryimage"},"thumbnailUrl":"https:\/\/www.encontraminasgerais.com.br\/ouro-preto\/wp-content\/uploads\/2026\/04\/troca-de-farpas-entre-prefeito-e-governador-marca-evento-oficial-em-mg-video.webp","articleSection":["Not\u00edcias Ouro Preto"],"inLanguage":"pt-BR","potentialAction":[{"@type":"CommentAction","name":"Comment","target":["https:\/\/www.encontraminasgerais.com.br\/ouro-preto\/troca-de-farpas-entre-prefeito-e-governador-marca-evento-oficial-em-mg-video\/#respond"]}]},{"@type":"WebPage","@id":"https:\/\/www.encontraminasgerais.com.br\/ouro-preto\/troca-de-farpas-entre-prefeito-e-governador-marca-evento-oficial-em-mg-video\/","url":"https:\/\/www.encontraminasgerais.com.br\/ouro-preto\/troca-de-farpas-entre-prefeito-e-governador-marca-evento-oficial-em-mg-video\/","name":"Troca de farpas entre prefeito e governador marca evento oficial em MG V\u00eddeo | Guia Comercial de Ouro Preto MG","isPartOf":{"@id":"https:\/\/www.encontraminasgerais.com.br\/ouro-preto\/#website"},"primaryImageOfPage":{"@id":"https:\/\/www.encontraminasgerais.com.br\/ouro-preto\/troca-de-farpas-entre-prefeito-e-governador-marca-evento-oficial-em-mg-video\/#primaryimage"},"image":{"@id":"https:\/\/www.encontraminasgerais.com.br\/ouro-preto\/troca-de-farpas-entre-prefeito-e-governador-marca-evento-oficial-em-mg-video\/#primaryimage"},"thumbnailUrl":"https:\/\/www.encontraminasgerais.com.br\/ouro-preto\/wp-content\/uploads\/2026\/04\/troca-de-farpas-entre-prefeito-e-governador-marca-evento-oficial-em-mg-video.webp","datePublished":"2026-04-23T09:39:35+00:00","author":{"@id":"https:\/\/www.encontraminasgerais.com.br\/ouro-preto\/#\/schema\/person\/d55d0e79e38dd7d6474efd815b181c4d"},"inLanguage":"pt-BR","potentialAction":[{"@type":"ReadAction","target":["https:\/\/www.encontraminasgerais.com.br\/ouro-preto\/troca-de-farpas-entre-prefeito-e-governador-marca-evento-oficial-em-mg-video\/"]}]},{"@type":"ImageObject","inLanguage":"pt-BR","@id":"https:\/\/www.encontraminasgerais.com.br\/ouro-preto\/troca-de-farpas-entre-prefeito-e-governador-marca-evento-oficial-em-mg-video\/#primaryimage","url":"https:\/\/www.encontraminasgerais.com.br\/ouro-preto\/wp-content\/uploads\/2026\/04\/troca-de-farpas-entre-prefeito-e-governador-marca-evento-oficial-em-mg-video.webp","contentUrl":"https:\/\/www.encontraminasgerais.com.br\/ouro-preto\/wp-content\/uploads\/2026\/04\/troca-de-farpas-entre-prefeito-e-governador-marca-evento-oficial-em-mg-video.webp","width":280,"height":280,"caption":"troca de farpas"},{"@type":"WebSite","@id":"https:\/\/www.encontraminasgerais.com.br\/ouro-preto\/#website","url":"https:\/\/www.encontraminasgerais.com.br\/ouro-preto\/","name":"Guia Comercial de Ouro Preto MG","description":"O Encontra Ouro Preto \u00e9 o guia mais completo da cidade Ouro Preto com com\u00e9rcios, servi\u00e7os, noticias, jornal, hist\u00f3ria e lazer da cidade.","potentialAction":[{"@type":"SearchAction","target":{"@type":"EntryPoint","urlTemplate":"https:\/\/www.encontraminasgerais.com.br\/ouro-preto\/?s={search_term_string}"},"query-input":{"@type":"PropertyValueSpecification","valueRequired":true,"valueName":"search_term_string"}}],"inLanguage":"pt-BR"},{"@type":"Person","@id":"https:\/\/www.encontraminasgerais.com.br\/ouro-preto\/#\/schema\/person\/d55d0e79e38dd7d6474efd815b181c4d","name":"Encontra Ouro Preto","image":{"@type":"ImageObject","inLanguage":"pt-BR","@id":"https:\/\/secure.gravatar.com\/avatar\/c50c17820bcf322f0a8fd6b110b8c0918141409dc69076470f6fca5fee70a5d4?s=96&d=mm&r=g","url":"https:\/\/secure.gravatar.com\/avatar\/c50c17820bcf322f0a8fd6b110b8c0918141409dc69076470f6fca5fee70a5d4?s=96&d=mm&r=g","contentUrl":"https:\/\/secure.gravatar.com\/avatar\/c50c17820bcf322f0a8fd6b110b8c0918141409dc69076470f6fca5fee70a5d4?s=96&d=mm&r=g","caption":"Encontra Ouro Preto"},"url":"https:\/\/www.encontraminasgerais.com.br\/ouro-preto\/author\/encontraouropreto\/"}]}},"_links":{"self":[{"href":"https:\/\/www.encontraminasgerais.com.br\/ouro-preto\/wp-json\/wp\/v2\/posts\/4681","targetHints":{"allow":["GET"]}}],"collection":[{"href":"https:\/\/www.encontraminasgerais.com.br\/ouro-preto\/wp-json\/wp\/v2\/posts"}],"about":[{"href":"https:\/\/www.encontraminasgerais.com.br\/ouro-preto\/wp-json\/wp\/v2\/types\/post"}],"author":[{"embeddable":true,"href":"https:\/\/www.encontraminasgerais.com.br\/ouro-preto\/wp-json\/wp\/v2\/users\/1"}],"replies":[{"embeddable":true,"href":"https:\/\/www.encontraminasgerais.com.br\/ouro-preto\/wp-json\/wp\/v2\/comments?post=4681"}],"version-history":[{"count":0,"href":"https:\/\/www.encontraminasgerais.com.br\/ouro-preto\/wp-json\/wp\/v2\/posts\/4681\/revisions"}],"wp:featuredmedia":[{"embeddable":true,"href":"https:\/\/www.encontraminasgerais.com.br\/ouro-preto\/wp-json\/wp\/v2\/media\/4680"}],"wp:attachment":[{"href":"https:\/\/www.encontraminasgerais.com.br\/ouro-preto\/wp-json\/wp\/v2\/media?parent=4681"}],"wp:term":[{"taxonomy":"category","embeddable":true,"href":"https:\/\/www.encontraminasgerais.com.br\/ouro-preto\/wp-json\/wp\/v2\/categories?post=4681"},{"taxonomy":"post_tag","embeddable":true,"href":"https:\/\/www.encontraminasgerais.com.br\/ouro-preto\/wp-json\/wp\/v2\/tags?post=4681"}],"curies":[{"name":"wp","href":"https:\/\/api.w.org\/{rel}","templated":true}]}}