{"id":4691,"date":"2026-04-25T06:43:09","date_gmt":"2026-04-25T09:43:09","guid":{"rendered":"https:\/\/www.encontraminasgerais.com.br\/ouro-preto\/ouro-preto-ganhara-memorial-focado-na-heranca-negra-e-na-historia-de-santa-efigenia\/"},"modified":"2026-04-25T06:43:09","modified_gmt":"2026-04-25T09:43:09","slug":"ouro-preto-ganhara-memorial-focado-na-heranca-negra-e-na-historia-de-santa-efigenia","status":"publish","type":"post","link":"https:\/\/www.encontraminasgerais.com.br\/ouro-preto\/ouro-preto-ganhara-memorial-focado-na-heranca-negra-e-na-historia-de-santa-efigenia\/","title":{"rendered":"Ouro Preto ganhar\u00e1 memorial focado na heran\u00e7a negra e na hist\u00f3ria de Santa Efig\u00eania"},"content":{"rendered":"<h2>Hist\u00f3ria da Igreja de Santa Efig\u00eania<\/h2>\n<p>A <strong>Igreja de Santa Efig\u00eania<\/strong>, localizada em Ouro Preto, Minas Gerais, \u00e9 um exemplo emblem\u00e1tico da rica tradi\u00e7\u00e3o barroca e da influ\u00eancia da cultura negra no Brasil colonial. Fundada entre os s\u00e9culos XVIII e XIX, a igreja foi erguida pela <strong>Irmandade de Nossa Senhora do Ros\u00e1rio dos Homens Pretos<\/strong>, um grupo formado por escravizados e libertos que buscava expressar sua f\u00e9 e identidade cultural.<\/p>\n<p>Constru\u00edda com o esfor\u00e7o e recursos dessa irmandade, a igreja simboliza a luta pela liberdade e a autonomia da comunidade negra na \u00e9poca da escravid\u00e3o. A padroeira, <strong>Santa Efig\u00eania<\/strong>, escolhida por sua conex\u00e3o com a ancestralidade africana, representa a for\u00e7a espiritual que acompanhou esses indiv\u00edduos em sua jornada.<\/p>\n<h2>O papel da Irmandade de Meninos Pretos<\/h2>\n<p>A Irmandade de Nossa Senhora do Ros\u00e1rio dos Homens Pretos teve um papel crucial na hist\u00f3ria da Igreja de Santa Efig\u00eania. Essa organiza\u00e7\u00e3o mobilizou recursos financeiros, construiu a igreja e organizou festividades religiosas, tornando-se um pilar da comunidade negra em Ouro Preto. A irmandade era formada por homens que, apesar das limita\u00e7\u00f5es impostas pela sociedade escravocrata, conseguiram unir esfor\u00e7os para erguer um s\u00edmbolo de resist\u00eancia e autonomia.<\/p>\n<p><img decoding=\"async\" src=\"https:\/\/www.encontraminasgerais.com.br\/ouro-preto\/wp-content\/uploads\/2026\/04\/ouro-preto-ganhara-memorial-focado-na-heranca-negra-e-na-historia-de-santa-efigenia.webp\" alt=\"heran\u00e7a negra\" loading=\"lazy\" \/><\/p>\n<p>Na igreja, a devo\u00e7\u00e3o \u00e0 Santa Efig\u00eania e a participa\u00e7\u00e3o em celebra\u00e7\u00f5es religiosas fortaleceram a identidade cultural dessa popula\u00e7\u00e3o. Essa irmandade n\u00e3o apenas lutou por um espa\u00e7o de culto, mas tamb\u00e9m por direitos e reconhecimento dentro da sociedade da \u00e9poca.<\/p>\n<h2>Import\u00e2ncia do legado negro em Ouro Preto<\/h2>\n<p>O legado negro em Ouro Preto \u00e9 vasto e multifacetado. Desde as pr\u00e1ticas religiosas at\u00e9 a contribui\u00e7\u00e3o nas artes, esse legado est\u00e1 intrinsecamente ligado \u00e0 forma\u00e7\u00e3o da identidade cultural brasileira. A cultura afro-brasileira, que se manifestou nas dan\u00e7as, m\u00fasicas e formas de express\u00e3o art\u00edstica, \u00e9 um testemunho da resili\u00eancia e criatividade dessa popula\u00e7\u00e3o.<\/p>\n<p>A Igreja de Santa Efig\u00eania se destaca como um s\u00edmbolo da resist\u00eancia negra e serve como um lembrete da luta hist\u00f3rica contra a opress\u00e3o. Reconhecer e preservar essa heran\u00e7a \u00e9 fundamental para a constru\u00e7\u00e3o de uma sociedade mais justa e igualit\u00e1ria.<\/p>\n<h2>Como ser\u00e1 o memorial na Igreja<\/h2>\n<p>O projeto de transforma\u00e7\u00e3o da Igreja de Santa Efig\u00eania em um <strong>memorial dedicado \u00e0 heran\u00e7a negra<\/strong> visa n\u00e3o apenas restaurar a estrutura, mas tamb\u00e9m criar um espa\u00e7o de educa\u00e7\u00e3o e conscientiza\u00e7\u00e3o. Este memorial ser\u00e1 pensado para receber exposi\u00e7\u00f5es permanentes que contar\u00e3o a hist\u00f3ria da resist\u00eancia negra em Minas Gerais.<\/p>\n<p>Prev\u00ea-se a inclus\u00e3o de elementos interativos e digitais, com o objetivo de envolver os visitantes e fazer com que eles compreendam a import\u00e2ncia do legado afro-brasileiro. Atrav\u00e9s de uma narrativa visual e sonora, o memorial contar\u00e1 a trajet\u00f3ria dos homens e mulheres que lutaram pela liberdade e constru\u00edram este espa\u00e7o sagrado.<\/p>\n<h2>Fases de execu\u00e7\u00e3o do projeto<\/h2>\n<p>O projeto de revitaliza\u00e7\u00e3o da Igreja de Santa Efig\u00eania ser\u00e1 dividido em duas fases distintas, cada uma com suas particularidades e objetivos espec\u00edficos.<\/p>\n<ul>\n<li><strong>Fase 1: Planejamento e Preserva\u00e7\u00e3o Digital<\/strong><\/li>\n<ul>\n<li><strong>Pesquisa e Invent\u00e1rio:<\/strong> Levantamento detalhado dos bens e acervos existentes, permitindo uma compreens\u00e3o profunda da riqueza cultural do espa\u00e7o.<\/li>\n<li><strong>Conserva\u00e7\u00e3o:<\/strong> A\u00e7\u00f5es de limpeza e restaura\u00e7\u00e3o, garantindo a preserva\u00e7\u00e3o do mobili\u00e1rio hist\u00f3rico e das indument\u00e1rias raras.<\/li>\n<li><strong>Inova\u00e7\u00e3o:<\/strong> Desenvolvimento de um site oficial e implementa\u00e7\u00e3o de recursos de realidade aumentada que possibilitar\u00e3o uma experi\u00eancia imersiva para os visitantes.<\/li>\n<li><strong>Infraestrutura:<\/strong> Aperfei\u00e7oamento dos sistemas el\u00e9tricos e de sinaliza\u00e7\u00e3o para uma melhor navega\u00e7\u00e3o e seguran\u00e7a.<\/li>\n<\/ul>\n<\/li>\n<li><strong>Fase 2: Execu\u00e7\u00e3o e Obras<\/strong><\/li>\n<ul>\n<li><strong>Interven\u00e7\u00f5es Estruturais:<\/strong> Ap\u00f3s obter as aprova\u00e7\u00f5es necess\u00e1rias de \u00f3rg\u00e3os competentes, as obras focar\u00e3o na preserva\u00e7\u00e3o da integridade hist\u00f3rica da igreja.<\/li>\n<li><strong>Cria\u00e7\u00e3o de Espa\u00e7os Expositivos:<\/strong> Ambientes para a realiza\u00e7\u00e3o de exposi\u00e7\u00f5es tempor\u00e1rias e eventos culturais, fomentando a intera\u00e7\u00e3o da comunidade com o patrim\u00f4nio.<\/li>\n<\/ul>\n<\/li>\n<\/ul>\n<h2>Inova\u00e7\u00e3o e tecnologia no memorial<\/h2>\n<p>Uma das caracter\u00edsticas mais marcantes do novo memorial ser\u00e1 a utiliza\u00e7\u00e3o de tecnologia de ponta para contar a hist\u00f3ria da Igreja de Santa Efig\u00eania e a contribui\u00e7\u00e3o da comunidade negra. Recursos como <strong>realidade aumentada<\/strong> e <strong>instala\u00e7\u00f5es multim\u00eddias<\/strong> permitir\u00e3o que os visitantes interajam com a hist\u00f3ria de formas inovadoras.<\/p>\n<p>Por meio dessa inova\u00e7\u00e3o, espera-se despertar um maior interesse pelo tema e facilitar a compreens\u00e3o da complexidade das experi\u00eancias vividas pelos negros em Minas Gerais. O memorial se tornar\u00e1 n\u00e3o apenas um espa\u00e7o de conserva\u00e7\u00e3o, mas tamb\u00e9m um centro educativo onde as novas gera\u00e7\u00f5es poder\u00e3o aprender sobre a rica heran\u00e7a africana no Brasil.<\/p>\n<h2>Impacto cultural e social do projeto<\/h2>\n<p>O impacto cultural e social da transforma\u00e7\u00e3o da Igreja de Santa Efig\u00eania em um memorial ser\u00e1 significativo para a comunidade local e para todo o Brasil. Este espa\u00e7o servir\u00e1 como um ponto de encontro e reflex\u00e3o sobre a pluralidade da hist\u00f3ria brasileira e as contribui\u00e7\u00f5es dos afrodescendentes.<\/p>\n<p>O memorial tamb\u00e9m tem como objetivo promover eventos e atividades que envolvem a comunidade, incentivando a participa\u00e7\u00e3o ativa de moradores, estudantes e artistas. Atrav\u00e9s de palestras, workshops e apresenta\u00e7\u00f5es culturais, o espa\u00e7o buscar\u00e1 ser um catalisador para a valoriza\u00e7\u00e3o da cultura afro-brasileira.<\/p>\n<h2>Como a mem\u00f3ria africana ser\u00e1 preservada<\/h2>\n<p>A preserva\u00e7\u00e3o da mem\u00f3ria africana no contexto do memorial da Igreja de Santa Efig\u00eania ser\u00e1 abordada atrav\u00e9s de v\u00e1rias estrat\u00e9gias. Al\u00e9m da restaura\u00e7\u00e3o f\u00edsica e digital do espa\u00e7o, ser\u00e3o implementados m\u00e9todos que garantam a continuidade das tradi\u00e7\u00f5es e saberes da comunidade negra.<\/p>\n<p>Essa abordagem incluir\u00e1 a documenta\u00e7\u00e3o de hist\u00f3rias orais e testemunhos de membros da comunidade, assim como a pr\u00e1tica de rituais e celebra\u00e7\u00f5es que fazem parte da cultura afro-brasileira. O memorial ser\u00e1 um espa\u00e7o vivo, onde a hist\u00f3ria n\u00e3o apenas ser\u00e1 contada, mas tamb\u00e9m vivenciada.<\/p>\n<h2>Atra\u00e7\u00f5es tur\u00edsticas no novo espa\u00e7o<\/h2>\n<p>Com a transforma\u00e7\u00e3o da Igreja de Santa Efig\u00eania em um memorial, a expectativa \u00e9 que o local se torne uma importante atra\u00e7\u00e3o tur\u00edstica em Ouro Preto. Al\u00e9m das exposi\u00e7\u00f5es permanentes, o memorial contar\u00e1 com eventos culturais e atividades educativas que dever\u00e3o atrair visitantes de diversas partes do Brasil e do mundo.<\/p>\n<p>Os turistas poder\u00e3o conhecer a hist\u00f3ria da resist\u00eancia negra, participar de oficinas e viv\u00eancias culturais, e, assim, se conectar com a profunda heran\u00e7a africana que permeia a cultura mineira. Essa valoriza\u00e7\u00e3o do espa\u00e7o contribuir\u00e1 tamb\u00e9m para o desenvolvimento econ\u00f4mico da regi\u00e3o, promovendo o turismo respons\u00e1vel e sustent\u00e1vel.<\/p>\n<h2>Participa\u00e7\u00e3o da comunidade no memorial<\/h2>\n<p>A participa\u00e7\u00e3o da comunidade no projeto do memorial \u00e9 fundamental para garantir que a representa\u00e7\u00e3o das experi\u00eancias afro-brasileiras seja aut\u00eantica e significativa. Desde o planejamento at\u00e9 a execu\u00e7\u00e3o, a voz dos moradores e especialistas locais ser\u00e1 essencial para moldar o espa\u00e7o.<\/p>\n<p>Atrav\u00e9s de consultas p\u00fablicas e f\u00f3runs de discuss\u00e3o, a comunidade ter\u00e1 a oportunidade de dar sua contribui\u00e7\u00e3o, sugerindo ideias e expressando suas expectativas. Essa abordagem colaborativa garantir\u00e1 que o memorial atenda \u00e0s necessidades da popula\u00e7\u00e3o local e que se torne um verdadeiro reflexo da cultura e da hist\u00f3ria da comunidade negra em Ouro Preto.<\/p>\n","protected":false},"excerpt":{"rendered":"<p>Ouro Preto ganha memorial dedicado \u00e0 rica hist\u00f3ria da heran\u00e7a negra.<\/p>\n","protected":false},"author":1,"featured_media":4690,"comment_status":"open","ping_status":"open","sticky":false,"template":"","format":"standard","meta":{"footnotes":""},"categories":[5],"tags":[],"class_list":["post-4691","post","type-post","status-publish","format-standard","has-post-thumbnail","hentry","category-noticias","has_thumb"],"yoast_head":"<!-- This site is optimized with the Yoast SEO plugin v27.2 - https:\/\/yoast.com\/product\/yoast-seo-wordpress\/ -->\n<title>Ouro Preto ganhar\u00e1 memorial focado na heran\u00e7a negra e na hist\u00f3ria de Santa Efig\u00eania | Guia Comercial de Ouro Preto MG<\/title>\n<meta name=\"robots\" content=\"index, follow, max-snippet:-1, max-image-preview:large, max-video-preview:-1\" \/>\n<link rel=\"canonical\" href=\"https:\/\/www.encontraminasgerais.com.br\/ouro-preto\/ouro-preto-ganhara-memorial-focado-na-heranca-negra-e-na-historia-de-santa-efigenia\/\" \/>\n<meta property=\"og:locale\" content=\"pt_BR\" \/>\n<meta property=\"og:type\" content=\"article\" \/>\n<meta property=\"og:title\" content=\"Ouro Preto ganhar\u00e1 memorial focado na heran\u00e7a negra e na hist\u00f3ria de Santa Efig\u00eania | Guia Comercial de Ouro Preto MG\" \/>\n<meta property=\"og:description\" content=\"Ouro Preto ganha memorial dedicado \u00e0 rica hist\u00f3ria da heran\u00e7a negra.\" \/>\n<meta property=\"og:url\" content=\"https:\/\/www.encontraminasgerais.com.br\/ouro-preto\/ouro-preto-ganhara-memorial-focado-na-heranca-negra-e-na-historia-de-santa-efigenia\/\" \/>\n<meta property=\"og:site_name\" content=\"Guia Comercial de Ouro Preto MG\" \/>\n<meta property=\"article:published_time\" content=\"2026-04-25T09:43:09+00:00\" \/>\n<meta property=\"og:image\" content=\"https:\/\/www.encontraminasgerais.com.br\/ouro-preto\/wp-content\/uploads\/2026\/04\/ouro-preto-ganhara-memorial-focado-na-heranca-negra-e-na-historia-de-santa-efigenia.webp\" \/>\n<meta name=\"author\" content=\"Encontra Ouro Preto\" \/>\n<meta name=\"twitter:card\" content=\"summary_large_image\" \/>\n<meta name=\"twitter:label1\" content=\"Escrito por\" \/>\n\t<meta name=\"twitter:data1\" content=\"Encontra Ouro Preto\" \/>\n\t<meta name=\"twitter:label2\" content=\"Est. tempo de leitura\" \/>\n\t<meta name=\"twitter:data2\" content=\"6 minutos\" \/>\n<script type=\"application\/ld+json\" class=\"yoast-schema-graph\">{\"@context\":\"https:\/\/schema.org\",\"@graph\":[{\"@type\":\"Article\",\"@id\":\"https:\/\/www.encontraminasgerais.com.br\/ouro-preto\/ouro-preto-ganhara-memorial-focado-na-heranca-negra-e-na-historia-de-santa-efigenia\/#article\",\"isPartOf\":{\"@id\":\"https:\/\/www.encontraminasgerais.com.br\/ouro-preto\/ouro-preto-ganhara-memorial-focado-na-heranca-negra-e-na-historia-de-santa-efigenia\/\"},\"author\":{\"name\":\"Encontra Ouro Preto\",\"@id\":\"https:\/\/www.encontraminasgerais.com.br\/ouro-preto\/#\/schema\/person\/d55d0e79e38dd7d6474efd815b181c4d\"},\"headline\":\"Ouro Preto ganhar\u00e1 memorial focado na heran\u00e7a negra e na hist\u00f3ria de Santa Efig\u00eania\",\"datePublished\":\"2026-04-25T09:43:09+00:00\",\"mainEntityOfPage\":{\"@id\":\"https:\/\/www.encontraminasgerais.com.br\/ouro-preto\/ouro-preto-ganhara-memorial-focado-na-heranca-negra-e-na-historia-de-santa-efigenia\/\"},\"wordCount\":1290,\"commentCount\":0,\"image\":{\"@id\":\"https:\/\/www.encontraminasgerais.com.br\/ouro-preto\/ouro-preto-ganhara-memorial-focado-na-heranca-negra-e-na-historia-de-santa-efigenia\/#primaryimage\"},\"thumbnailUrl\":\"https:\/\/www.encontraminasgerais.com.br\/ouro-preto\/wp-content\/uploads\/2026\/04\/ouro-preto-ganhara-memorial-focado-na-heranca-negra-e-na-historia-de-santa-efigenia.webp\",\"articleSection\":[\"Not\u00edcias Ouro Preto\"],\"inLanguage\":\"pt-BR\",\"potentialAction\":[{\"@type\":\"CommentAction\",\"name\":\"Comment\",\"target\":[\"https:\/\/www.encontraminasgerais.com.br\/ouro-preto\/ouro-preto-ganhara-memorial-focado-na-heranca-negra-e-na-historia-de-santa-efigenia\/#respond\"]}]},{\"@type\":\"WebPage\",\"@id\":\"https:\/\/www.encontraminasgerais.com.br\/ouro-preto\/ouro-preto-ganhara-memorial-focado-na-heranca-negra-e-na-historia-de-santa-efigenia\/\",\"url\":\"https:\/\/www.encontraminasgerais.com.br\/ouro-preto\/ouro-preto-ganhara-memorial-focado-na-heranca-negra-e-na-historia-de-santa-efigenia\/\",\"name\":\"Ouro Preto ganhar\u00e1 memorial focado na heran\u00e7a negra e na hist\u00f3ria de Santa Efig\u00eania | Guia Comercial de Ouro Preto MG\",\"isPartOf\":{\"@id\":\"https:\/\/www.encontraminasgerais.com.br\/ouro-preto\/#website\"},\"primaryImageOfPage\":{\"@id\":\"https:\/\/www.encontraminasgerais.com.br\/ouro-preto\/ouro-preto-ganhara-memorial-focado-na-heranca-negra-e-na-historia-de-santa-efigenia\/#primaryimage\"},\"image\":{\"@id\":\"https:\/\/www.encontraminasgerais.com.br\/ouro-preto\/ouro-preto-ganhara-memorial-focado-na-heranca-negra-e-na-historia-de-santa-efigenia\/#primaryimage\"},\"thumbnailUrl\":\"https:\/\/www.encontraminasgerais.com.br\/ouro-preto\/wp-content\/uploads\/2026\/04\/ouro-preto-ganhara-memorial-focado-na-heranca-negra-e-na-historia-de-santa-efigenia.webp\",\"datePublished\":\"2026-04-25T09:43:09+00:00\",\"author\":{\"@id\":\"https:\/\/www.encontraminasgerais.com.br\/ouro-preto\/#\/schema\/person\/d55d0e79e38dd7d6474efd815b181c4d\"},\"inLanguage\":\"pt-BR\",\"potentialAction\":[{\"@type\":\"ReadAction\",\"target\":[\"https:\/\/www.encontraminasgerais.com.br\/ouro-preto\/ouro-preto-ganhara-memorial-focado-na-heranca-negra-e-na-historia-de-santa-efigenia\/\"]}]},{\"@type\":\"ImageObject\",\"inLanguage\":\"pt-BR\",\"@id\":\"https:\/\/www.encontraminasgerais.com.br\/ouro-preto\/ouro-preto-ganhara-memorial-focado-na-heranca-negra-e-na-historia-de-santa-efigenia\/#primaryimage\",\"url\":\"https:\/\/www.encontraminasgerais.com.br\/ouro-preto\/wp-content\/uploads\/2026\/04\/ouro-preto-ganhara-memorial-focado-na-heranca-negra-e-na-historia-de-santa-efigenia.webp\",\"contentUrl\":\"https:\/\/www.encontraminasgerais.com.br\/ouro-preto\/wp-content\/uploads\/2026\/04\/ouro-preto-ganhara-memorial-focado-na-heranca-negra-e-na-historia-de-santa-efigenia.webp\",\"width\":280,\"height\":280,\"caption\":\"heran\u00e7a negra\"},{\"@type\":\"WebSite\",\"@id\":\"https:\/\/www.encontraminasgerais.com.br\/ouro-preto\/#website\",\"url\":\"https:\/\/www.encontraminasgerais.com.br\/ouro-preto\/\",\"name\":\"Guia Comercial de Ouro Preto MG\",\"description\":\"O Encontra Ouro Preto \u00e9 o guia mais completo da cidade Ouro Preto com com\u00e9rcios, servi\u00e7os, noticias, jornal, hist\u00f3ria e lazer da cidade.\",\"potentialAction\":[{\"@type\":\"SearchAction\",\"target\":{\"@type\":\"EntryPoint\",\"urlTemplate\":\"https:\/\/www.encontraminasgerais.com.br\/ouro-preto\/?s={search_term_string}\"},\"query-input\":{\"@type\":\"PropertyValueSpecification\",\"valueRequired\":true,\"valueName\":\"search_term_string\"}}],\"inLanguage\":\"pt-BR\"},{\"@type\":\"Person\",\"@id\":\"https:\/\/www.encontraminasgerais.com.br\/ouro-preto\/#\/schema\/person\/d55d0e79e38dd7d6474efd815b181c4d\",\"name\":\"Encontra Ouro Preto\",\"image\":{\"@type\":\"ImageObject\",\"inLanguage\":\"pt-BR\",\"@id\":\"https:\/\/secure.gravatar.com\/avatar\/c50c17820bcf322f0a8fd6b110b8c0918141409dc69076470f6fca5fee70a5d4?s=96&d=mm&r=g\",\"url\":\"https:\/\/secure.gravatar.com\/avatar\/c50c17820bcf322f0a8fd6b110b8c0918141409dc69076470f6fca5fee70a5d4?s=96&d=mm&r=g\",\"contentUrl\":\"https:\/\/secure.gravatar.com\/avatar\/c50c17820bcf322f0a8fd6b110b8c0918141409dc69076470f6fca5fee70a5d4?s=96&d=mm&r=g\",\"caption\":\"Encontra Ouro Preto\"},\"url\":\"https:\/\/www.encontraminasgerais.com.br\/ouro-preto\/author\/encontraouropreto\/\"}]}<\/script>\n<!-- \/ Yoast SEO plugin. -->","yoast_head_json":{"title":"Ouro Preto ganhar\u00e1 memorial focado na heran\u00e7a negra e na hist\u00f3ria de Santa Efig\u00eania | Guia Comercial de Ouro Preto MG","robots":{"index":"index","follow":"follow","max-snippet":"max-snippet:-1","max-image-preview":"max-image-preview:large","max-video-preview":"max-video-preview:-1"},"canonical":"https:\/\/www.encontraminasgerais.com.br\/ouro-preto\/ouro-preto-ganhara-memorial-focado-na-heranca-negra-e-na-historia-de-santa-efigenia\/","og_locale":"pt_BR","og_type":"article","og_title":"Ouro Preto ganhar\u00e1 memorial focado na heran\u00e7a negra e na hist\u00f3ria de Santa Efig\u00eania | Guia Comercial de Ouro Preto MG","og_description":"Ouro Preto ganha memorial dedicado \u00e0 rica hist\u00f3ria da heran\u00e7a negra.","og_url":"https:\/\/www.encontraminasgerais.com.br\/ouro-preto\/ouro-preto-ganhara-memorial-focado-na-heranca-negra-e-na-historia-de-santa-efigenia\/","og_site_name":"Guia Comercial de Ouro Preto MG","article_published_time":"2026-04-25T09:43:09+00:00","og_image":[{"url":"https:\/\/www.encontraminasgerais.com.br\/ouro-preto\/wp-content\/uploads\/2026\/04\/ouro-preto-ganhara-memorial-focado-na-heranca-negra-e-na-historia-de-santa-efigenia.webp","type":"","width":"","height":""}],"author":"Encontra Ouro Preto","twitter_card":"summary_large_image","twitter_misc":{"Escrito por":"Encontra Ouro Preto","Est. tempo de leitura":"6 minutos"},"schema":{"@context":"https:\/\/schema.org","@graph":[{"@type":"Article","@id":"https:\/\/www.encontraminasgerais.com.br\/ouro-preto\/ouro-preto-ganhara-memorial-focado-na-heranca-negra-e-na-historia-de-santa-efigenia\/#article","isPartOf":{"@id":"https:\/\/www.encontraminasgerais.com.br\/ouro-preto\/ouro-preto-ganhara-memorial-focado-na-heranca-negra-e-na-historia-de-santa-efigenia\/"},"author":{"name":"Encontra Ouro Preto","@id":"https:\/\/www.encontraminasgerais.com.br\/ouro-preto\/#\/schema\/person\/d55d0e79e38dd7d6474efd815b181c4d"},"headline":"Ouro Preto ganhar\u00e1 memorial focado na heran\u00e7a negra e na hist\u00f3ria de Santa Efig\u00eania","datePublished":"2026-04-25T09:43:09+00:00","mainEntityOfPage":{"@id":"https:\/\/www.encontraminasgerais.com.br\/ouro-preto\/ouro-preto-ganhara-memorial-focado-na-heranca-negra-e-na-historia-de-santa-efigenia\/"},"wordCount":1290,"commentCount":0,"image":{"@id":"https:\/\/www.encontraminasgerais.com.br\/ouro-preto\/ouro-preto-ganhara-memorial-focado-na-heranca-negra-e-na-historia-de-santa-efigenia\/#primaryimage"},"thumbnailUrl":"https:\/\/www.encontraminasgerais.com.br\/ouro-preto\/wp-content\/uploads\/2026\/04\/ouro-preto-ganhara-memorial-focado-na-heranca-negra-e-na-historia-de-santa-efigenia.webp","articleSection":["Not\u00edcias Ouro Preto"],"inLanguage":"pt-BR","potentialAction":[{"@type":"CommentAction","name":"Comment","target":["https:\/\/www.encontraminasgerais.com.br\/ouro-preto\/ouro-preto-ganhara-memorial-focado-na-heranca-negra-e-na-historia-de-santa-efigenia\/#respond"]}]},{"@type":"WebPage","@id":"https:\/\/www.encontraminasgerais.com.br\/ouro-preto\/ouro-preto-ganhara-memorial-focado-na-heranca-negra-e-na-historia-de-santa-efigenia\/","url":"https:\/\/www.encontraminasgerais.com.br\/ouro-preto\/ouro-preto-ganhara-memorial-focado-na-heranca-negra-e-na-historia-de-santa-efigenia\/","name":"Ouro Preto ganhar\u00e1 memorial focado na heran\u00e7a negra e na hist\u00f3ria de Santa Efig\u00eania | Guia Comercial de Ouro Preto MG","isPartOf":{"@id":"https:\/\/www.encontraminasgerais.com.br\/ouro-preto\/#website"},"primaryImageOfPage":{"@id":"https:\/\/www.encontraminasgerais.com.br\/ouro-preto\/ouro-preto-ganhara-memorial-focado-na-heranca-negra-e-na-historia-de-santa-efigenia\/#primaryimage"},"image":{"@id":"https:\/\/www.encontraminasgerais.com.br\/ouro-preto\/ouro-preto-ganhara-memorial-focado-na-heranca-negra-e-na-historia-de-santa-efigenia\/#primaryimage"},"thumbnailUrl":"https:\/\/www.encontraminasgerais.com.br\/ouro-preto\/wp-content\/uploads\/2026\/04\/ouro-preto-ganhara-memorial-focado-na-heranca-negra-e-na-historia-de-santa-efigenia.webp","datePublished":"2026-04-25T09:43:09+00:00","author":{"@id":"https:\/\/www.encontraminasgerais.com.br\/ouro-preto\/#\/schema\/person\/d55d0e79e38dd7d6474efd815b181c4d"},"inLanguage":"pt-BR","potentialAction":[{"@type":"ReadAction","target":["https:\/\/www.encontraminasgerais.com.br\/ouro-preto\/ouro-preto-ganhara-memorial-focado-na-heranca-negra-e-na-historia-de-santa-efigenia\/"]}]},{"@type":"ImageObject","inLanguage":"pt-BR","@id":"https:\/\/www.encontraminasgerais.com.br\/ouro-preto\/ouro-preto-ganhara-memorial-focado-na-heranca-negra-e-na-historia-de-santa-efigenia\/#primaryimage","url":"https:\/\/www.encontraminasgerais.com.br\/ouro-preto\/wp-content\/uploads\/2026\/04\/ouro-preto-ganhara-memorial-focado-na-heranca-negra-e-na-historia-de-santa-efigenia.webp","contentUrl":"https:\/\/www.encontraminasgerais.com.br\/ouro-preto\/wp-content\/uploads\/2026\/04\/ouro-preto-ganhara-memorial-focado-na-heranca-negra-e-na-historia-de-santa-efigenia.webp","width":280,"height":280,"caption":"heran\u00e7a negra"},{"@type":"WebSite","@id":"https:\/\/www.encontraminasgerais.com.br\/ouro-preto\/#website","url":"https:\/\/www.encontraminasgerais.com.br\/ouro-preto\/","name":"Guia Comercial de Ouro Preto MG","description":"O Encontra Ouro Preto \u00e9 o guia mais completo da cidade Ouro Preto com com\u00e9rcios, servi\u00e7os, noticias, jornal, hist\u00f3ria e lazer da cidade.","potentialAction":[{"@type":"SearchAction","target":{"@type":"EntryPoint","urlTemplate":"https:\/\/www.encontraminasgerais.com.br\/ouro-preto\/?s={search_term_string}"},"query-input":{"@type":"PropertyValueSpecification","valueRequired":true,"valueName":"search_term_string"}}],"inLanguage":"pt-BR"},{"@type":"Person","@id":"https:\/\/www.encontraminasgerais.com.br\/ouro-preto\/#\/schema\/person\/d55d0e79e38dd7d6474efd815b181c4d","name":"Encontra Ouro Preto","image":{"@type":"ImageObject","inLanguage":"pt-BR","@id":"https:\/\/secure.gravatar.com\/avatar\/c50c17820bcf322f0a8fd6b110b8c0918141409dc69076470f6fca5fee70a5d4?s=96&d=mm&r=g","url":"https:\/\/secure.gravatar.com\/avatar\/c50c17820bcf322f0a8fd6b110b8c0918141409dc69076470f6fca5fee70a5d4?s=96&d=mm&r=g","contentUrl":"https:\/\/secure.gravatar.com\/avatar\/c50c17820bcf322f0a8fd6b110b8c0918141409dc69076470f6fca5fee70a5d4?s=96&d=mm&r=g","caption":"Encontra Ouro Preto"},"url":"https:\/\/www.encontraminasgerais.com.br\/ouro-preto\/author\/encontraouropreto\/"}]}},"_links":{"self":[{"href":"https:\/\/www.encontraminasgerais.com.br\/ouro-preto\/wp-json\/wp\/v2\/posts\/4691","targetHints":{"allow":["GET"]}}],"collection":[{"href":"https:\/\/www.encontraminasgerais.com.br\/ouro-preto\/wp-json\/wp\/v2\/posts"}],"about":[{"href":"https:\/\/www.encontraminasgerais.com.br\/ouro-preto\/wp-json\/wp\/v2\/types\/post"}],"author":[{"embeddable":true,"href":"https:\/\/www.encontraminasgerais.com.br\/ouro-preto\/wp-json\/wp\/v2\/users\/1"}],"replies":[{"embeddable":true,"href":"https:\/\/www.encontraminasgerais.com.br\/ouro-preto\/wp-json\/wp\/v2\/comments?post=4691"}],"version-history":[{"count":0,"href":"https:\/\/www.encontraminasgerais.com.br\/ouro-preto\/wp-json\/wp\/v2\/posts\/4691\/revisions"}],"wp:featuredmedia":[{"embeddable":true,"href":"https:\/\/www.encontraminasgerais.com.br\/ouro-preto\/wp-json\/wp\/v2\/media\/4690"}],"wp:attachment":[{"href":"https:\/\/www.encontraminasgerais.com.br\/ouro-preto\/wp-json\/wp\/v2\/media?parent=4691"}],"wp:term":[{"taxonomy":"category","embeddable":true,"href":"https:\/\/www.encontraminasgerais.com.br\/ouro-preto\/wp-json\/wp\/v2\/categories?post=4691"},{"taxonomy":"post_tag","embeddable":true,"href":"https:\/\/www.encontraminasgerais.com.br\/ouro-preto\/wp-json\/wp\/v2\/tags?post=4691"}],"curies":[{"name":"wp","href":"https:\/\/api.w.org\/{rel}","templated":true}]}}