{"id":4693,"date":"2026-04-26T06:44:06","date_gmt":"2026-04-26T09:44:06","guid":{"rendered":"https:\/\/www.encontraminasgerais.com.br\/ouro-preto\/saiba-quem-e-prefeito-de-ouro-preto-que-ja-incomodou-simoes-e-zema\/"},"modified":"2026-04-26T06:44:06","modified_gmt":"2026-04-26T09:44:06","slug":"saiba-quem-e-prefeito-de-ouro-preto-que-ja-incomodou-simoes-e-zema","status":"publish","type":"post","link":"https:\/\/www.encontraminasgerais.com.br\/ouro-preto\/saiba-quem-e-prefeito-de-ouro-preto-que-ja-incomodou-simoes-e-zema\/","title":{"rendered":"Saiba quem \u00e9 prefeito de Ouro Preto que j\u00e1 incomodou Sim\u00f5es e Zema"},"content":{"rendered":"<h2>**Quem \u00e9 \u00c2ngelo Oswaldo?**<\/h2>\n<p>O atual prefeito de Ouro Preto, \u00c2ngelo Oswaldo, j\u00e1 ocupou o cargo em diversas ocasi\u00f5es e \u00e9 uma figura de grande relev\u00e2ncia n\u00e3o apenas na pol\u00edtica local, mas tamb\u00e9m na cultura e na preserva\u00e7\u00e3o hist\u00f3rica da cidade. Formado em Direito pela Universidade Federal de Minas Gerais (UFMG), ele tamb\u00e9m se destacou como escritor, jornalista e curador de arte, o que amplia sua vis\u00e3o sobre a administra\u00e7\u00e3o p\u00fablica e a import\u00e2ncia cultural de Ouro Preto.<\/p>\n<p>No campo da gest\u00e3o p\u00fablica, Oswaldo come\u00e7ou sua carreira como secret\u00e1rio de Turismo e Cultura de Ouro Preto, antes de ser eleito prefeito em diferentes mandatos. Al\u00e9m disso, ele foi secret\u00e1rio de Cultura do estado de Minas Gerais e ministro interino da Cultura no governo federal em duas ocasi\u00f5es durante os anos 80. Sua experi\u00eancia e trajet\u00f3ria diversificada mostram um compromisso cont\u00ednuo com a promo\u00e7\u00e3o cultural e a preserva\u00e7\u00e3o do patrim\u00f4nio.<\/p>\n<h2>**Hist\u00f3ria Pol\u00edtica de Ouro Preto**<\/h2>\n<p>A pol\u00edtica de Ouro Preto tem uma rica tradi\u00e7\u00e3o que reflete a hist\u00f3ria de Minas Gerais. A cidade, conhecida pelas suas riquezas culturais e art\u00edsticas, tem servido de palco para debates importantes sobre a identidade e a gest\u00e3o do patrim\u00f4nio. Desde a Inconfid\u00eancia Mineira, que inspirou movimentos pela liberdade e autonomia, at\u00e9 os dias atuais, a cidade sempre foi um elo em discuss\u00f5es pol\u00edticas e sociais.<\/p>\n<p><img decoding=\"async\" src=\"https:\/\/www.encontraminasgerais.com.br\/ouro-preto\/wp-content\/uploads\/2026\/04\/saiba-quem-e-prefeito-de-ouro-preto-que-ja-incomodou-simoes-e-zema.webp\" alt=\"prefeito de Ouro Preto\" loading=\"lazy\" \/><\/p>\n<p>Ao longo das \u00faltimas d\u00e9cadas, a administra\u00e7\u00e3o de ouro-pretense tem enfrentado desafios relacionados a pol\u00edticas p\u00fablicas, incluindo a preserva\u00e7\u00e3o de seu patrim\u00f4nio hist\u00f3rico e a moderniza\u00e7\u00e3o da infraestrutura, sem desvirtuar suas caracter\u00edsticas \u00fanicas. O papel do prefeito, neste contexto, \u00e9 crucial, pois suas decis\u00f5es podem afetar n\u00e3o apenas a preserva\u00e7\u00e3o da cidade, mas tamb\u00e9m sua sa\u00fade econ\u00f4mica e social.<\/p>\n<h2>**O embate com o governador Sim\u00f5es**<\/h2>\n<p>Recentemente, \u00c2ngelo Oswaldo teve um embate not\u00e1vel com o governador  Mateus Sim\u00f5es durante a cerim\u00f4nia da Medalha da Inconfid\u00eancia. A ocasi\u00e3o foi marcada por uma troca de farpas, que evidenciou as tens\u00f5es pol\u00edticas n\u00e3o apenas entre os dois, mas tamb\u00e9m dentro do estado. A cr\u00edtica de Oswaldo ao modelo de escolas c\u00edvico-militares foi uma das principais alfinetadas, onde afirmou que a educa\u00e7\u00e3o b\u00e1sica deve se apropriada sem influ\u00eancias militaristas.<\/p>\n<p>Sim\u00f5es respondeu com cr\u00edticas \u00e0 postura de Oswaldo, alegando que o prefeito demonstrou falta de hospitalidade. Este incidente destaca um padr\u00e3o de altos conflitos entre a lideran\u00e7a local e a estadual, um fator que pode influenciar a gobernan\u00e7a e a percep\u00e7\u00e3o p\u00fablica sobre a administra\u00e7\u00e3o de ambas as partes.<\/p>\n<h2>**Cr\u00edticas \u00e0s escolas c\u00edvico-militares**<\/h2>\n<p>A quest\u00e3o das escolas c\u00edvico-militares em Minas Gerais gerou um amplo debate, e Oswaldo n\u00e3o hesitou em expor sua opini\u00e3o. Em seus discursos, ele defendeu uma abordagem educacional que priorize o civismo e a cultura, argumentando que uma educa\u00e7\u00e3o c\u00edvica s\u00f3lida deve englobar uma pedagogia que respeite a pluralidade e forme cidad\u00e3os cr\u00edticos e ativos.<\/p>\n<p>Oswaldo acredita que a proposta de institui\u00e7\u00f5es militarizadas pode ser prejudicial, afastando-se dos valores que deveriam ser cultivados em uma sociedade democr\u00e1tica. Essa posi\u00e7\u00e3o contrasta com a vis\u00e3o do governador Sim\u00f5es, que defende tais institui\u00e7\u00f5es como parte integral de uma estrat\u00e9gia de seguran\u00e7a e ordem p\u00fablico.<\/p>\n<h2>**A vis\u00e3o de Oswaldo sobre a educa\u00e7\u00e3o**<\/h2>\n<p>A vis\u00e3o de \u00c2ngelo Oswaldo n\u00e3o se limita apenas \u00e0 cr\u00edtica, mas abrange uma proposta de transforma\u00e7\u00e3o do sistema educacional em Minas. Ele sugere que a educa\u00e7\u00e3o deve ser um reflexo da diversidade e da riqueza cultural do estado. Para ele, as escolas devem ser espa\u00e7os onde os alunos possam explorar sua identidade e aprender a respeitar as diferen\u00e7as, ao inv\u00e9s de serem formadas em um ambiente que prioriza a disciplina militar.<\/p>\n<p>Este enfoque visa formar cidad\u00e3os preparados para os desafios contempor\u00e2neos, cultivando um ambiente positivo que estimule a criatividade e o pensamento cr\u00edtico. Com isso, Oswaldo busca promover uma educa\u00e7\u00e3o que prepare os jovens para se tornarem n\u00e3o apenas bons cidad\u00e3os, mas tamb\u00e9m l\u00edderes em suas comunidades.<\/p>\n<h2>**Oswaldo e a tradi\u00e7\u00e3o mineira**<\/h2>\n<p>O prefeito frequentemente menciona a tradi\u00e7\u00e3o mineira de fazer pol\u00edtica e a import\u00e2ncia de manter os valores que definem a identidade do estado. Em seus discursos, ele aborda a necessidade de preservar essa tradi\u00e7\u00e3o, ressaltando que a pol\u00edtica deve ser uma arte que reflita a sagacidade e a \u00e9tica dos mineiros.<\/p>\n<p>Ele j\u00e1 frisou que a ess\u00eancia da &#8220;mineiridade&#8221; est\u00e1 em sua habilidade de negociar, dialogar e buscar um consenso, caracter\u00edsticas que, segundo ele, est\u00e3o se perdendo em meio a um cen\u00e1rio pol\u00edtico mais polarizado. Com essa perspectiva, Oswaldo busca conectar o passado ao presente, promovendo uma pol\u00edtica de respeito e entendimento m\u00fatuo na esfera p\u00fablica.<\/p>\n<h2>**An\u00e1lise da pol\u00edtica cultural de Ouro Preto**<\/h2>\n<p>A pol\u00edtica cultural em Ouro Preto, sob a lideran\u00e7a de Oswaldo, tem sido caracterizada por um forte compromisso com a preserva\u00e7\u00e3o do patrim\u00f4nio hist\u00f3rico e cultural. Isso inclui iniciativas para promover festivais culturais, apoiar as artes locais e educar a popula\u00e7\u00e3o sobre a import\u00e2ncia de sua heran\u00e7a cultural.<\/p>\n<p>Oswaldo acredita que a cultura \u00e9 um vetor de desenvolvimento econ\u00f4mico e social. Por isso, ele defende a implementa\u00e7\u00e3o de pol\u00edticas que estimulem a criatividade local e a participa\u00e7\u00e3o comunit\u00e1ria nessas iniciativas. A cidade j\u00e1 \u00e9 conhecida pela sua rica heran\u00e7a, e sob sua administra\u00e7\u00e3o, os esfor\u00e7os para torn\u00e1-la um centro vibrante para a arte e cultura t\u00eam se intensificado.<\/p>\n<h2>**Rea\u00e7\u00f5es ao discurso de Oswaldo**<\/h2>\n<p>As cr\u00edticas expressas por Oswaldo em ocasi\u00f5es p\u00fablicas t\u00eam gerado rea\u00e7\u00f5es mistas. Enquanto muitos apoiadores o aplaudem por defender uma educa\u00e7\u00e3o cr\u00edtica e cidad\u00e3, outros veem suas palavras como uma afronta ao governo estadual.<\/p>\n<p>As respostas ao seu discurso, especialmente durante eventos como a cerim\u00f4nia da Medalha da Inconfid\u00eancia, permitem vislumbrar a polariza\u00e7\u00e3o entre a administra\u00e7\u00e3o municipal e estadual. Tanto a receptividade do p\u00fablico quanto as repercuss\u00f5es nas redes sociais s\u00e3o indicativos do impacto que essas declara\u00e7\u00f5es t\u00eam na percep\u00e7\u00e3o p\u00fablica de ambos os governos.<\/p>\n<h2>**Como a hist\u00f3ria influencia a pol\u00edtica local**<\/h2>\n<p>A hist\u00f3ria de Ouro Preto, marcada por sua relev\u00e2ncia durante o per\u00edodo colonial e a Inconfid\u00eancia Mineira, continua a influenciar sua pol\u00edtica moderna. Os embates entre l\u00edderes locais, como o prefeito e o governador, ecoam as disputas do passado, refletindo as tens\u00f5es entre autonomia local e controle central.<\/p>\n<p>Oswaldo frequentemente usa essa heran\u00e7a como um ponto de refer\u00eancia em suas discurs\u00f5es sobre a necessidade de respeitar as aspira\u00e7\u00f5es da popula\u00e7\u00e3o local, defendendo que a hist\u00f3ria deve servir de guia para a pol\u00edtica atual.<\/p>\n<h2>**Expectativas futuras para Ouro Preto**<\/h2>\n<p>O futuro da pol\u00edtica em Ouro Preto, sob a lideran\u00e7a de \u00c2ngelo Oswaldo, parece promissor, mas tamb\u00e9m desafiador. Com uma postura proativa em rela\u00e7\u00e3o \u00e0s quest\u00f5es sociais e culturais, Oswaldo deve navegar por um cen\u00e1rio pol\u00edtico que continua a ser marcado por tens\u00f5es entre diferentes n\u00edveis de governo.<\/p>\n<p>O fortalecimento da cultura local, aliado a uma educa\u00e7\u00e3o inclusiva e cr\u00edtica, s\u00e3o pilares que Oswaldo busca consolidar para garantir que Ouro Preto continue a ser um exemplo de preserva\u00e7\u00e3o e inova\u00e7\u00e3o. O envolvimento da comunidade e a colabora\u00e7\u00e3o com diferentes esferas do governo ser\u00e3o cruciais para enfrentar os desafios que est\u00e3o por vir.<\/p>\n","protected":false},"excerpt":{"rendered":"<p>Prefeito de Ouro Preto causa pol\u00eamica com cr\u00edticas a rivais em evento recente.<\/p>\n","protected":false},"author":1,"featured_media":4692,"comment_status":"open","ping_status":"open","sticky":false,"template":"","format":"standard","meta":{"footnotes":""},"categories":[5],"tags":[],"class_list":["post-4693","post","type-post","status-publish","format-standard","has-post-thumbnail","hentry","category-noticias","has_thumb"],"yoast_head":"<!-- This site is optimized with the Yoast SEO plugin v27.2 - https:\/\/yoast.com\/product\/yoast-seo-wordpress\/ -->\n<title>Saiba quem \u00e9 prefeito de Ouro Preto que j\u00e1 incomodou Sim\u00f5es e Zema | Guia Comercial de Ouro Preto MG<\/title>\n<meta name=\"robots\" content=\"index, follow, max-snippet:-1, max-image-preview:large, max-video-preview:-1\" \/>\n<link rel=\"canonical\" href=\"https:\/\/www.encontraminasgerais.com.br\/ouro-preto\/saiba-quem-e-prefeito-de-ouro-preto-que-ja-incomodou-simoes-e-zema\/\" \/>\n<meta property=\"og:locale\" content=\"pt_BR\" \/>\n<meta property=\"og:type\" content=\"article\" \/>\n<meta property=\"og:title\" content=\"Saiba quem \u00e9 prefeito de Ouro Preto que j\u00e1 incomodou Sim\u00f5es e Zema | Guia Comercial de Ouro Preto MG\" \/>\n<meta property=\"og:description\" content=\"Prefeito de Ouro Preto causa pol\u00eamica com cr\u00edticas a rivais em evento recente.\" \/>\n<meta property=\"og:url\" content=\"https:\/\/www.encontraminasgerais.com.br\/ouro-preto\/saiba-quem-e-prefeito-de-ouro-preto-que-ja-incomodou-simoes-e-zema\/\" \/>\n<meta property=\"og:site_name\" content=\"Guia Comercial de Ouro Preto MG\" \/>\n<meta property=\"article:published_time\" content=\"2026-04-26T09:44:06+00:00\" \/>\n<meta property=\"og:image\" content=\"https:\/\/www.encontraminasgerais.com.br\/ouro-preto\/wp-content\/uploads\/2026\/04\/saiba-quem-e-prefeito-de-ouro-preto-que-ja-incomodou-simoes-e-zema.webp\" \/>\n<meta name=\"author\" content=\"Encontra Ouro Preto\" \/>\n<meta name=\"twitter:card\" content=\"summary_large_image\" \/>\n<meta name=\"twitter:label1\" content=\"Escrito por\" \/>\n\t<meta name=\"twitter:data1\" content=\"Encontra Ouro Preto\" \/>\n\t<meta name=\"twitter:label2\" content=\"Est. tempo de leitura\" \/>\n\t<meta name=\"twitter:data2\" content=\"7 minutos\" \/>\n<script type=\"application\/ld+json\" class=\"yoast-schema-graph\">{\"@context\":\"https:\/\/schema.org\",\"@graph\":[{\"@type\":\"Article\",\"@id\":\"https:\/\/www.encontraminasgerais.com.br\/ouro-preto\/saiba-quem-e-prefeito-de-ouro-preto-que-ja-incomodou-simoes-e-zema\/#article\",\"isPartOf\":{\"@id\":\"https:\/\/www.encontraminasgerais.com.br\/ouro-preto\/saiba-quem-e-prefeito-de-ouro-preto-que-ja-incomodou-simoes-e-zema\/\"},\"author\":{\"name\":\"Encontra Ouro Preto\",\"@id\":\"https:\/\/www.encontraminasgerais.com.br\/ouro-preto\/#\/schema\/person\/d55d0e79e38dd7d6474efd815b181c4d\"},\"headline\":\"Saiba quem \u00e9 prefeito de Ouro Preto que j\u00e1 incomodou Sim\u00f5es e Zema\",\"datePublished\":\"2026-04-26T09:44:06+00:00\",\"mainEntityOfPage\":{\"@id\":\"https:\/\/www.encontraminasgerais.com.br\/ouro-preto\/saiba-quem-e-prefeito-de-ouro-preto-que-ja-incomodou-simoes-e-zema\/\"},\"wordCount\":1349,\"commentCount\":0,\"image\":{\"@id\":\"https:\/\/www.encontraminasgerais.com.br\/ouro-preto\/saiba-quem-e-prefeito-de-ouro-preto-que-ja-incomodou-simoes-e-zema\/#primaryimage\"},\"thumbnailUrl\":\"https:\/\/www.encontraminasgerais.com.br\/ouro-preto\/wp-content\/uploads\/2026\/04\/saiba-quem-e-prefeito-de-ouro-preto-que-ja-incomodou-simoes-e-zema.webp\",\"articleSection\":[\"Not\u00edcias Ouro Preto\"],\"inLanguage\":\"pt-BR\",\"potentialAction\":[{\"@type\":\"CommentAction\",\"name\":\"Comment\",\"target\":[\"https:\/\/www.encontraminasgerais.com.br\/ouro-preto\/saiba-quem-e-prefeito-de-ouro-preto-que-ja-incomodou-simoes-e-zema\/#respond\"]}]},{\"@type\":\"WebPage\",\"@id\":\"https:\/\/www.encontraminasgerais.com.br\/ouro-preto\/saiba-quem-e-prefeito-de-ouro-preto-que-ja-incomodou-simoes-e-zema\/\",\"url\":\"https:\/\/www.encontraminasgerais.com.br\/ouro-preto\/saiba-quem-e-prefeito-de-ouro-preto-que-ja-incomodou-simoes-e-zema\/\",\"name\":\"Saiba quem \u00e9 prefeito de Ouro Preto que j\u00e1 incomodou Sim\u00f5es e Zema | Guia Comercial de Ouro Preto MG\",\"isPartOf\":{\"@id\":\"https:\/\/www.encontraminasgerais.com.br\/ouro-preto\/#website\"},\"primaryImageOfPage\":{\"@id\":\"https:\/\/www.encontraminasgerais.com.br\/ouro-preto\/saiba-quem-e-prefeito-de-ouro-preto-que-ja-incomodou-simoes-e-zema\/#primaryimage\"},\"image\":{\"@id\":\"https:\/\/www.encontraminasgerais.com.br\/ouro-preto\/saiba-quem-e-prefeito-de-ouro-preto-que-ja-incomodou-simoes-e-zema\/#primaryimage\"},\"thumbnailUrl\":\"https:\/\/www.encontraminasgerais.com.br\/ouro-preto\/wp-content\/uploads\/2026\/04\/saiba-quem-e-prefeito-de-ouro-preto-que-ja-incomodou-simoes-e-zema.webp\",\"datePublished\":\"2026-04-26T09:44:06+00:00\",\"author\":{\"@id\":\"https:\/\/www.encontraminasgerais.com.br\/ouro-preto\/#\/schema\/person\/d55d0e79e38dd7d6474efd815b181c4d\"},\"inLanguage\":\"pt-BR\",\"potentialAction\":[{\"@type\":\"ReadAction\",\"target\":[\"https:\/\/www.encontraminasgerais.com.br\/ouro-preto\/saiba-quem-e-prefeito-de-ouro-preto-que-ja-incomodou-simoes-e-zema\/\"]}]},{\"@type\":\"ImageObject\",\"inLanguage\":\"pt-BR\",\"@id\":\"https:\/\/www.encontraminasgerais.com.br\/ouro-preto\/saiba-quem-e-prefeito-de-ouro-preto-que-ja-incomodou-simoes-e-zema\/#primaryimage\",\"url\":\"https:\/\/www.encontraminasgerais.com.br\/ouro-preto\/wp-content\/uploads\/2026\/04\/saiba-quem-e-prefeito-de-ouro-preto-que-ja-incomodou-simoes-e-zema.webp\",\"contentUrl\":\"https:\/\/www.encontraminasgerais.com.br\/ouro-preto\/wp-content\/uploads\/2026\/04\/saiba-quem-e-prefeito-de-ouro-preto-que-ja-incomodou-simoes-e-zema.webp\",\"width\":280,\"height\":280,\"caption\":\"prefeito de Ouro Preto\"},{\"@type\":\"WebSite\",\"@id\":\"https:\/\/www.encontraminasgerais.com.br\/ouro-preto\/#website\",\"url\":\"https:\/\/www.encontraminasgerais.com.br\/ouro-preto\/\",\"name\":\"Guia Comercial de Ouro Preto MG\",\"description\":\"O Encontra Ouro Preto \u00e9 o guia mais completo da cidade Ouro Preto com com\u00e9rcios, servi\u00e7os, noticias, jornal, hist\u00f3ria e lazer da cidade.\",\"potentialAction\":[{\"@type\":\"SearchAction\",\"target\":{\"@type\":\"EntryPoint\",\"urlTemplate\":\"https:\/\/www.encontraminasgerais.com.br\/ouro-preto\/?s={search_term_string}\"},\"query-input\":{\"@type\":\"PropertyValueSpecification\",\"valueRequired\":true,\"valueName\":\"search_term_string\"}}],\"inLanguage\":\"pt-BR\"},{\"@type\":\"Person\",\"@id\":\"https:\/\/www.encontraminasgerais.com.br\/ouro-preto\/#\/schema\/person\/d55d0e79e38dd7d6474efd815b181c4d\",\"name\":\"Encontra Ouro Preto\",\"image\":{\"@type\":\"ImageObject\",\"inLanguage\":\"pt-BR\",\"@id\":\"https:\/\/secure.gravatar.com\/avatar\/c50c17820bcf322f0a8fd6b110b8c0918141409dc69076470f6fca5fee70a5d4?s=96&d=mm&r=g\",\"url\":\"https:\/\/secure.gravatar.com\/avatar\/c50c17820bcf322f0a8fd6b110b8c0918141409dc69076470f6fca5fee70a5d4?s=96&d=mm&r=g\",\"contentUrl\":\"https:\/\/secure.gravatar.com\/avatar\/c50c17820bcf322f0a8fd6b110b8c0918141409dc69076470f6fca5fee70a5d4?s=96&d=mm&r=g\",\"caption\":\"Encontra Ouro Preto\"},\"url\":\"https:\/\/www.encontraminasgerais.com.br\/ouro-preto\/author\/encontraouropreto\/\"}]}<\/script>\n<!-- \/ Yoast SEO plugin. -->","yoast_head_json":{"title":"Saiba quem \u00e9 prefeito de Ouro Preto que j\u00e1 incomodou Sim\u00f5es e Zema | Guia Comercial de Ouro Preto MG","robots":{"index":"index","follow":"follow","max-snippet":"max-snippet:-1","max-image-preview":"max-image-preview:large","max-video-preview":"max-video-preview:-1"},"canonical":"https:\/\/www.encontraminasgerais.com.br\/ouro-preto\/saiba-quem-e-prefeito-de-ouro-preto-que-ja-incomodou-simoes-e-zema\/","og_locale":"pt_BR","og_type":"article","og_title":"Saiba quem \u00e9 prefeito de Ouro Preto que j\u00e1 incomodou Sim\u00f5es e Zema | Guia Comercial de Ouro Preto MG","og_description":"Prefeito de Ouro Preto causa pol\u00eamica com cr\u00edticas a rivais em evento recente.","og_url":"https:\/\/www.encontraminasgerais.com.br\/ouro-preto\/saiba-quem-e-prefeito-de-ouro-preto-que-ja-incomodou-simoes-e-zema\/","og_site_name":"Guia Comercial de Ouro Preto MG","article_published_time":"2026-04-26T09:44:06+00:00","og_image":[{"url":"https:\/\/www.encontraminasgerais.com.br\/ouro-preto\/wp-content\/uploads\/2026\/04\/saiba-quem-e-prefeito-de-ouro-preto-que-ja-incomodou-simoes-e-zema.webp","type":"","width":"","height":""}],"author":"Encontra Ouro Preto","twitter_card":"summary_large_image","twitter_misc":{"Escrito por":"Encontra Ouro Preto","Est. tempo de leitura":"7 minutos"},"schema":{"@context":"https:\/\/schema.org","@graph":[{"@type":"Article","@id":"https:\/\/www.encontraminasgerais.com.br\/ouro-preto\/saiba-quem-e-prefeito-de-ouro-preto-que-ja-incomodou-simoes-e-zema\/#article","isPartOf":{"@id":"https:\/\/www.encontraminasgerais.com.br\/ouro-preto\/saiba-quem-e-prefeito-de-ouro-preto-que-ja-incomodou-simoes-e-zema\/"},"author":{"name":"Encontra Ouro Preto","@id":"https:\/\/www.encontraminasgerais.com.br\/ouro-preto\/#\/schema\/person\/d55d0e79e38dd7d6474efd815b181c4d"},"headline":"Saiba quem \u00e9 prefeito de Ouro Preto que j\u00e1 incomodou Sim\u00f5es e Zema","datePublished":"2026-04-26T09:44:06+00:00","mainEntityOfPage":{"@id":"https:\/\/www.encontraminasgerais.com.br\/ouro-preto\/saiba-quem-e-prefeito-de-ouro-preto-que-ja-incomodou-simoes-e-zema\/"},"wordCount":1349,"commentCount":0,"image":{"@id":"https:\/\/www.encontraminasgerais.com.br\/ouro-preto\/saiba-quem-e-prefeito-de-ouro-preto-que-ja-incomodou-simoes-e-zema\/#primaryimage"},"thumbnailUrl":"https:\/\/www.encontraminasgerais.com.br\/ouro-preto\/wp-content\/uploads\/2026\/04\/saiba-quem-e-prefeito-de-ouro-preto-que-ja-incomodou-simoes-e-zema.webp","articleSection":["Not\u00edcias Ouro Preto"],"inLanguage":"pt-BR","potentialAction":[{"@type":"CommentAction","name":"Comment","target":["https:\/\/www.encontraminasgerais.com.br\/ouro-preto\/saiba-quem-e-prefeito-de-ouro-preto-que-ja-incomodou-simoes-e-zema\/#respond"]}]},{"@type":"WebPage","@id":"https:\/\/www.encontraminasgerais.com.br\/ouro-preto\/saiba-quem-e-prefeito-de-ouro-preto-que-ja-incomodou-simoes-e-zema\/","url":"https:\/\/www.encontraminasgerais.com.br\/ouro-preto\/saiba-quem-e-prefeito-de-ouro-preto-que-ja-incomodou-simoes-e-zema\/","name":"Saiba quem \u00e9 prefeito de Ouro Preto que j\u00e1 incomodou Sim\u00f5es e Zema | Guia Comercial de Ouro Preto MG","isPartOf":{"@id":"https:\/\/www.encontraminasgerais.com.br\/ouro-preto\/#website"},"primaryImageOfPage":{"@id":"https:\/\/www.encontraminasgerais.com.br\/ouro-preto\/saiba-quem-e-prefeito-de-ouro-preto-que-ja-incomodou-simoes-e-zema\/#primaryimage"},"image":{"@id":"https:\/\/www.encontraminasgerais.com.br\/ouro-preto\/saiba-quem-e-prefeito-de-ouro-preto-que-ja-incomodou-simoes-e-zema\/#primaryimage"},"thumbnailUrl":"https:\/\/www.encontraminasgerais.com.br\/ouro-preto\/wp-content\/uploads\/2026\/04\/saiba-quem-e-prefeito-de-ouro-preto-que-ja-incomodou-simoes-e-zema.webp","datePublished":"2026-04-26T09:44:06+00:00","author":{"@id":"https:\/\/www.encontraminasgerais.com.br\/ouro-preto\/#\/schema\/person\/d55d0e79e38dd7d6474efd815b181c4d"},"inLanguage":"pt-BR","potentialAction":[{"@type":"ReadAction","target":["https:\/\/www.encontraminasgerais.com.br\/ouro-preto\/saiba-quem-e-prefeito-de-ouro-preto-que-ja-incomodou-simoes-e-zema\/"]}]},{"@type":"ImageObject","inLanguage":"pt-BR","@id":"https:\/\/www.encontraminasgerais.com.br\/ouro-preto\/saiba-quem-e-prefeito-de-ouro-preto-que-ja-incomodou-simoes-e-zema\/#primaryimage","url":"https:\/\/www.encontraminasgerais.com.br\/ouro-preto\/wp-content\/uploads\/2026\/04\/saiba-quem-e-prefeito-de-ouro-preto-que-ja-incomodou-simoes-e-zema.webp","contentUrl":"https:\/\/www.encontraminasgerais.com.br\/ouro-preto\/wp-content\/uploads\/2026\/04\/saiba-quem-e-prefeito-de-ouro-preto-que-ja-incomodou-simoes-e-zema.webp","width":280,"height":280,"caption":"prefeito de Ouro Preto"},{"@type":"WebSite","@id":"https:\/\/www.encontraminasgerais.com.br\/ouro-preto\/#website","url":"https:\/\/www.encontraminasgerais.com.br\/ouro-preto\/","name":"Guia Comercial de Ouro Preto MG","description":"O Encontra Ouro Preto \u00e9 o guia mais completo da cidade Ouro Preto com com\u00e9rcios, servi\u00e7os, noticias, jornal, hist\u00f3ria e lazer da cidade.","potentialAction":[{"@type":"SearchAction","target":{"@type":"EntryPoint","urlTemplate":"https:\/\/www.encontraminasgerais.com.br\/ouro-preto\/?s={search_term_string}"},"query-input":{"@type":"PropertyValueSpecification","valueRequired":true,"valueName":"search_term_string"}}],"inLanguage":"pt-BR"},{"@type":"Person","@id":"https:\/\/www.encontraminasgerais.com.br\/ouro-preto\/#\/schema\/person\/d55d0e79e38dd7d6474efd815b181c4d","name":"Encontra Ouro Preto","image":{"@type":"ImageObject","inLanguage":"pt-BR","@id":"https:\/\/secure.gravatar.com\/avatar\/c50c17820bcf322f0a8fd6b110b8c0918141409dc69076470f6fca5fee70a5d4?s=96&d=mm&r=g","url":"https:\/\/secure.gravatar.com\/avatar\/c50c17820bcf322f0a8fd6b110b8c0918141409dc69076470f6fca5fee70a5d4?s=96&d=mm&r=g","contentUrl":"https:\/\/secure.gravatar.com\/avatar\/c50c17820bcf322f0a8fd6b110b8c0918141409dc69076470f6fca5fee70a5d4?s=96&d=mm&r=g","caption":"Encontra Ouro Preto"},"url":"https:\/\/www.encontraminasgerais.com.br\/ouro-preto\/author\/encontraouropreto\/"}]}},"_links":{"self":[{"href":"https:\/\/www.encontraminasgerais.com.br\/ouro-preto\/wp-json\/wp\/v2\/posts\/4693","targetHints":{"allow":["GET"]}}],"collection":[{"href":"https:\/\/www.encontraminasgerais.com.br\/ouro-preto\/wp-json\/wp\/v2\/posts"}],"about":[{"href":"https:\/\/www.encontraminasgerais.com.br\/ouro-preto\/wp-json\/wp\/v2\/types\/post"}],"author":[{"embeddable":true,"href":"https:\/\/www.encontraminasgerais.com.br\/ouro-preto\/wp-json\/wp\/v2\/users\/1"}],"replies":[{"embeddable":true,"href":"https:\/\/www.encontraminasgerais.com.br\/ouro-preto\/wp-json\/wp\/v2\/comments?post=4693"}],"version-history":[{"count":0,"href":"https:\/\/www.encontraminasgerais.com.br\/ouro-preto\/wp-json\/wp\/v2\/posts\/4693\/revisions"}],"wp:featuredmedia":[{"embeddable":true,"href":"https:\/\/www.encontraminasgerais.com.br\/ouro-preto\/wp-json\/wp\/v2\/media\/4692"}],"wp:attachment":[{"href":"https:\/\/www.encontraminasgerais.com.br\/ouro-preto\/wp-json\/wp\/v2\/media?parent=4693"}],"wp:term":[{"taxonomy":"category","embeddable":true,"href":"https:\/\/www.encontraminasgerais.com.br\/ouro-preto\/wp-json\/wp\/v2\/categories?post=4693"},{"taxonomy":"post_tag","embeddable":true,"href":"https:\/\/www.encontraminasgerais.com.br\/ouro-preto\/wp-json\/wp\/v2\/tags?post=4693"}],"curies":[{"name":"wp","href":"https:\/\/api.w.org\/{rel}","templated":true}]}}