{"id":4695,"date":"2026-04-26T06:45:06","date_gmt":"2026-04-26T09:45:06","guid":{"rendered":"https:\/\/www.encontraminasgerais.com.br\/ouro-preto\/ouro-preto-ministro-do-stf-falta-a-cerimonia-da-medalha-da-inconfidencia\/"},"modified":"2026-04-26T06:45:06","modified_gmt":"2026-04-26T09:45:06","slug":"ouro-preto-ministro-do-stf-falta-a-cerimonia-da-medalha-da-inconfidencia","status":"publish","type":"post","link":"https:\/\/www.encontraminasgerais.com.br\/ouro-preto\/ouro-preto-ministro-do-stf-falta-a-cerimonia-da-medalha-da-inconfidencia\/","title":{"rendered":"Ouro Preto: ministro do STF falta \u00e0 cerim\u00f4nia da Medalha da Inconfid\u00eancia"},"content":{"rendered":"<h2>Contexto Hist\u00f3rico da Medalha da Inconfid\u00eancia<\/h2>\n<p>A Medalha da Inconfid\u00eancia \u00e9 uma honraria tradicional brasileira que celebra a Revolu\u00e7\u00e3o dos Inconfidentes, um movimento que lutou pela liberdade e autonomia do Brasil colonial. Institu\u00edda em 1952, a medalha \u00e9 concedida a indiv\u00edduos ou grupos que tenham contribu\u00eddo significativamente para a hist\u00f3ria e cultura do Brasil, especialmente no contexto da luta pela independ\u00eancia.<\/p>\n<h2>O Papel do Ministro do STF na Cerim\u00f4nia<\/h2>\n<p>Andr\u00e9 Mendon\u00e7a, ministro do Supremo Tribunal Federal (STF), foi um dos homenageados pela Medalha da Inconfid\u00eancia. Embora sua presen\u00e7a fosse esperada na cerim\u00f4nia em Ouro Preto, sua aus\u00eancia gerou repercuss\u00f5es. A participa\u00e7\u00e3o dos ministros do STF em eventos p\u00fablicos \u00e9 muitas vezes observada com aten\u00e7\u00e3o, considerando que eles desempenham um papel crucial na interpreta\u00e7\u00e3o e aplica\u00e7\u00e3o das leis no pa\u00eds.<\/p>\n<h2>Principais Conflitos entre Zema e o STF<\/h2>\n<p>O ex-governador Romeu Zema, presente na mesma cerim\u00f4nia, teve embates frequentes com a Suprema Corte. Suas cr\u00edticas ao STF, incluindo declara\u00e7\u00f5es sobre processos envolvendo ministros da Corte, evidenciam um clima tenso entre o governo do estado de Minas Gerais e o Judici\u00e1rio. O di\u00e1logo conturbado frequentemente se manifesta em entrevistas e publica\u00e7\u00f5es nas redes sociais.<\/p>\n<p><img decoding=\"async\" src=\"https:\/\/www.encontraminasgerais.com.br\/ouro-preto\/wp-content\/uploads\/2026\/04\/ouro-preto-ministro-do-stf-falta-a-cerimonia-da-medalha-da-inconfidencia.webp\" alt=\"ministro do stf\" loading=\"lazy\" \/><\/p>\n<h2>Rea\u00e7\u00f5es Pol\u00edticas \u00e0 Aus\u00eancia de Mendon\u00e7a<\/h2>\n<p>A aus\u00eancia de Mendon\u00e7a foi interpretada por muitos como uma declara\u00e7\u00e3o de descontentamento diante das tens\u00f5es atuais entre os poderes. As rea\u00e7\u00f5es variaram, desde apoio \u00e0 sua decis\u00e3o de se afastar de um evento onde a figura do ex-governador, frequentemente em desacordo com o Judici\u00e1rio, era central, at\u00e9 cr\u00edticas de analistas pol\u00edticos que v\u00eaem sua aus\u00eancia como uma oportunidade perdida de reafirmar a independ\u00eancia do poder judici\u00e1rio.<\/p>\n<h2>Medalha da Inconfid\u00eancia: S\u00edmbolo de Liberta\u00e7\u00e3o<\/h2>\n<p>A Medalha da Inconfid\u00eancia n\u00e3o \u00e9 apenas uma honraria; \u00e9 um s\u00edmbolo poderoso da luta pela liberdade e identidade nacional. A cerim\u00f4nia em Ouro Preto, por muitos considerada um momento de reflex\u00e3o sobre os ideais de independ\u00eancia, \u00e9 fundamental para relembrar a import\u00e2ncia da autonomia frente a poderes opressores. A medalha, assim, carrega consigo a hist\u00f3ria de um passado de luta, relembra as conquistas sociais e pol\u00edticas que moldaram o Brasil.<\/p>\n<h2>O que Representa a Cerim\u00f4nia em Ouro Preto<\/h2>\n<p>A cerim\u00f4nia do Dia de Tiradentes, que celebra a mem\u00f3ria de um dos \u00edcones da inconfid\u00eancia, \u00e9 um evento significativo em Minas Gerais. Re\u00fane representantes das mais diversas \u00e1reas da sociedade, promovendo um espa\u00e7o para a reflex\u00e3o sobre a hist\u00f3ria do Brasil e seus her\u00f3is. O evento tamb\u00e9m serve como um alerta sobre a import\u00e2ncia da vigil\u00e2ncia constante em rela\u00e7\u00e3o \u00e0 liberdade e \u00e0 justi\u00e7a no pa\u00eds.<\/p>\n<h2>Impactos da Pol\u00edtica Estadual no STF<\/h2>\n<p>As rela\u00e7\u00f5es entre o governo de Minas Gerais e o STF t\u00eam um impacto direto nas decis\u00f5es judiciais e na aplica\u00e7\u00e3o da lei. Conflitos frequentes entre figuras pol\u00edticas, como Zema e os ministros do STF, podem influenciar a percep\u00e7\u00e3o p\u00fablica e a confian\u00e7a nas institui\u00e7\u00f5es. Observadores pol\u00edticos indicam que esses embates podem moldar n\u00e3o apenas o cen\u00e1rio pol\u00edtico estadual, mas tamb\u00e9m as din\u00e2micas nacionais.<\/p>\n<h2>O Ex-governador e Suas Controv\u00e9rsias<\/h2>\n<p>Romeu Zema, em seu per\u00edodo de governo, se envolveu em v\u00e1rias controv\u00e9rsias. Sua postura em rela\u00e7\u00e3o \u00e0 pandemia de COVID-19, a gest\u00e3o financeira do estado e sua ret\u00f3rica contra o STF foram temas pol\u00eamicos que geraram debate p\u00fablico. Estas a\u00e7\u00f5es e declara\u00e7\u00f5es contribu\u00edram para uma imagem de um governante que n\u00e3o teme desafiar as esferas superiores do poder.<\/p>\n<h2>Cr\u00edticas e Apoios ao Ex-governador Zema<\/h2>\n<p>As opini\u00f5es sobre Zema s\u00e3o profundamente polarizadas. Enquanto alguns o veem como um defensor da liberdade e da autonomia pol\u00edtica, outros o criticam pela falta de considera\u00e7\u00e3o em rela\u00e7\u00e3o aos desdobramentos legais e sociais. Os apoiadores frequentemente destacam suas tentativas de reformar pol\u00edticas p\u00fablicas, enquanto os opositores frequentemente citam suas a\u00e7\u00f5es como irrespons\u00e1veis.<\/p>\n<h2>Futuro das Rela\u00e7\u00f5es entre o Governo e o STF<\/h2>\n<p>As rela\u00e7\u00f5es tensas entre o governo estadual e o STF sugerem que o futuro \u00e9 incerto. A possibilidade de novos confrontos e a cont\u00ednua polariza\u00e7\u00e3o pol\u00edtica podem afetar a estabilidade do governo e as decis\u00f5es judiciais. Espera-se que, nos pr\u00f3ximos anos, os desdobramentos desses conflitos impactem de forma significativa a governan\u00e7a e a administra\u00e7\u00e3o da justi\u00e7a no Brasil.<\/p>\n","protected":false},"excerpt":{"rendered":"<p>A falta do ministro do STF em Ouro Preto gera questionamentos sobre os embates judiciais.<\/p>\n","protected":false},"author":1,"featured_media":4694,"comment_status":"open","ping_status":"open","sticky":false,"template":"","format":"standard","meta":{"footnotes":""},"categories":[5],"tags":[],"class_list":["post-4695","post","type-post","status-publish","format-standard","has-post-thumbnail","hentry","category-noticias","has_thumb"],"yoast_head":"<!-- This site is optimized with the Yoast SEO plugin v27.2 - https:\/\/yoast.com\/product\/yoast-seo-wordpress\/ -->\n<title>Ouro Preto: ministro do STF falta \u00e0 cerim\u00f4nia da Medalha da Inconfid\u00eancia | Guia Comercial de Ouro Preto MG<\/title>\n<meta name=\"robots\" content=\"index, follow, max-snippet:-1, max-image-preview:large, max-video-preview:-1\" \/>\n<link rel=\"canonical\" href=\"https:\/\/www.encontraminasgerais.com.br\/ouro-preto\/ouro-preto-ministro-do-stf-falta-a-cerimonia-da-medalha-da-inconfidencia\/\" \/>\n<meta property=\"og:locale\" content=\"pt_BR\" \/>\n<meta property=\"og:type\" content=\"article\" \/>\n<meta property=\"og:title\" content=\"Ouro Preto: ministro do STF falta \u00e0 cerim\u00f4nia da Medalha da Inconfid\u00eancia | Guia Comercial de Ouro Preto MG\" \/>\n<meta property=\"og:description\" content=\"A falta do ministro do STF em Ouro Preto gera questionamentos sobre os embates judiciais.\" \/>\n<meta property=\"og:url\" content=\"https:\/\/www.encontraminasgerais.com.br\/ouro-preto\/ouro-preto-ministro-do-stf-falta-a-cerimonia-da-medalha-da-inconfidencia\/\" \/>\n<meta property=\"og:site_name\" content=\"Guia Comercial de Ouro Preto MG\" \/>\n<meta property=\"article:published_time\" content=\"2026-04-26T09:45:06+00:00\" \/>\n<meta property=\"og:image\" content=\"https:\/\/www.encontraminasgerais.com.br\/ouro-preto\/wp-content\/uploads\/2026\/04\/ouro-preto-ministro-do-stf-falta-a-cerimonia-da-medalha-da-inconfidencia.webp\" \/>\n<meta name=\"author\" content=\"Encontra Ouro Preto\" \/>\n<meta name=\"twitter:card\" content=\"summary_large_image\" \/>\n<meta name=\"twitter:label1\" content=\"Escrito por\" \/>\n\t<meta name=\"twitter:data1\" content=\"Encontra Ouro Preto\" \/>\n\t<meta name=\"twitter:label2\" content=\"Est. tempo de leitura\" \/>\n\t<meta name=\"twitter:data2\" content=\"4 minutos\" \/>\n<script type=\"application\/ld+json\" class=\"yoast-schema-graph\">{\"@context\":\"https:\/\/schema.org\",\"@graph\":[{\"@type\":\"Article\",\"@id\":\"https:\/\/www.encontraminasgerais.com.br\/ouro-preto\/ouro-preto-ministro-do-stf-falta-a-cerimonia-da-medalha-da-inconfidencia\/#article\",\"isPartOf\":{\"@id\":\"https:\/\/www.encontraminasgerais.com.br\/ouro-preto\/ouro-preto-ministro-do-stf-falta-a-cerimonia-da-medalha-da-inconfidencia\/\"},\"author\":{\"name\":\"Encontra Ouro Preto\",\"@id\":\"https:\/\/www.encontraminasgerais.com.br\/ouro-preto\/#\/schema\/person\/d55d0e79e38dd7d6474efd815b181c4d\"},\"headline\":\"Ouro Preto: ministro do STF falta \u00e0 cerim\u00f4nia da Medalha da Inconfid\u00eancia\",\"datePublished\":\"2026-04-26T09:45:06+00:00\",\"mainEntityOfPage\":{\"@id\":\"https:\/\/www.encontraminasgerais.com.br\/ouro-preto\/ouro-preto-ministro-do-stf-falta-a-cerimonia-da-medalha-da-inconfidencia\/\"},\"wordCount\":795,\"commentCount\":0,\"image\":{\"@id\":\"https:\/\/www.encontraminasgerais.com.br\/ouro-preto\/ouro-preto-ministro-do-stf-falta-a-cerimonia-da-medalha-da-inconfidencia\/#primaryimage\"},\"thumbnailUrl\":\"https:\/\/www.encontraminasgerais.com.br\/ouro-preto\/wp-content\/uploads\/2026\/04\/ouro-preto-ministro-do-stf-falta-a-cerimonia-da-medalha-da-inconfidencia.webp\",\"articleSection\":[\"Not\u00edcias Ouro Preto\"],\"inLanguage\":\"pt-BR\",\"potentialAction\":[{\"@type\":\"CommentAction\",\"name\":\"Comment\",\"target\":[\"https:\/\/www.encontraminasgerais.com.br\/ouro-preto\/ouro-preto-ministro-do-stf-falta-a-cerimonia-da-medalha-da-inconfidencia\/#respond\"]}]},{\"@type\":\"WebPage\",\"@id\":\"https:\/\/www.encontraminasgerais.com.br\/ouro-preto\/ouro-preto-ministro-do-stf-falta-a-cerimonia-da-medalha-da-inconfidencia\/\",\"url\":\"https:\/\/www.encontraminasgerais.com.br\/ouro-preto\/ouro-preto-ministro-do-stf-falta-a-cerimonia-da-medalha-da-inconfidencia\/\",\"name\":\"Ouro Preto: ministro do STF falta \u00e0 cerim\u00f4nia da Medalha da Inconfid\u00eancia | Guia Comercial de Ouro Preto MG\",\"isPartOf\":{\"@id\":\"https:\/\/www.encontraminasgerais.com.br\/ouro-preto\/#website\"},\"primaryImageOfPage\":{\"@id\":\"https:\/\/www.encontraminasgerais.com.br\/ouro-preto\/ouro-preto-ministro-do-stf-falta-a-cerimonia-da-medalha-da-inconfidencia\/#primaryimage\"},\"image\":{\"@id\":\"https:\/\/www.encontraminasgerais.com.br\/ouro-preto\/ouro-preto-ministro-do-stf-falta-a-cerimonia-da-medalha-da-inconfidencia\/#primaryimage\"},\"thumbnailUrl\":\"https:\/\/www.encontraminasgerais.com.br\/ouro-preto\/wp-content\/uploads\/2026\/04\/ouro-preto-ministro-do-stf-falta-a-cerimonia-da-medalha-da-inconfidencia.webp\",\"datePublished\":\"2026-04-26T09:45:06+00:00\",\"author\":{\"@id\":\"https:\/\/www.encontraminasgerais.com.br\/ouro-preto\/#\/schema\/person\/d55d0e79e38dd7d6474efd815b181c4d\"},\"inLanguage\":\"pt-BR\",\"potentialAction\":[{\"@type\":\"ReadAction\",\"target\":[\"https:\/\/www.encontraminasgerais.com.br\/ouro-preto\/ouro-preto-ministro-do-stf-falta-a-cerimonia-da-medalha-da-inconfidencia\/\"]}]},{\"@type\":\"ImageObject\",\"inLanguage\":\"pt-BR\",\"@id\":\"https:\/\/www.encontraminasgerais.com.br\/ouro-preto\/ouro-preto-ministro-do-stf-falta-a-cerimonia-da-medalha-da-inconfidencia\/#primaryimage\",\"url\":\"https:\/\/www.encontraminasgerais.com.br\/ouro-preto\/wp-content\/uploads\/2026\/04\/ouro-preto-ministro-do-stf-falta-a-cerimonia-da-medalha-da-inconfidencia.webp\",\"contentUrl\":\"https:\/\/www.encontraminasgerais.com.br\/ouro-preto\/wp-content\/uploads\/2026\/04\/ouro-preto-ministro-do-stf-falta-a-cerimonia-da-medalha-da-inconfidencia.webp\",\"width\":280,\"height\":280,\"caption\":\"ministro do stf\"},{\"@type\":\"WebSite\",\"@id\":\"https:\/\/www.encontraminasgerais.com.br\/ouro-preto\/#website\",\"url\":\"https:\/\/www.encontraminasgerais.com.br\/ouro-preto\/\",\"name\":\"Guia Comercial de Ouro Preto MG\",\"description\":\"O Encontra Ouro Preto \u00e9 o guia mais completo da cidade Ouro Preto com com\u00e9rcios, servi\u00e7os, noticias, jornal, hist\u00f3ria e lazer da cidade.\",\"potentialAction\":[{\"@type\":\"SearchAction\",\"target\":{\"@type\":\"EntryPoint\",\"urlTemplate\":\"https:\/\/www.encontraminasgerais.com.br\/ouro-preto\/?s={search_term_string}\"},\"query-input\":{\"@type\":\"PropertyValueSpecification\",\"valueRequired\":true,\"valueName\":\"search_term_string\"}}],\"inLanguage\":\"pt-BR\"},{\"@type\":\"Person\",\"@id\":\"https:\/\/www.encontraminasgerais.com.br\/ouro-preto\/#\/schema\/person\/d55d0e79e38dd7d6474efd815b181c4d\",\"name\":\"Encontra Ouro Preto\",\"image\":{\"@type\":\"ImageObject\",\"inLanguage\":\"pt-BR\",\"@id\":\"https:\/\/secure.gravatar.com\/avatar\/c50c17820bcf322f0a8fd6b110b8c0918141409dc69076470f6fca5fee70a5d4?s=96&d=mm&r=g\",\"url\":\"https:\/\/secure.gravatar.com\/avatar\/c50c17820bcf322f0a8fd6b110b8c0918141409dc69076470f6fca5fee70a5d4?s=96&d=mm&r=g\",\"contentUrl\":\"https:\/\/secure.gravatar.com\/avatar\/c50c17820bcf322f0a8fd6b110b8c0918141409dc69076470f6fca5fee70a5d4?s=96&d=mm&r=g\",\"caption\":\"Encontra Ouro Preto\"},\"url\":\"https:\/\/www.encontraminasgerais.com.br\/ouro-preto\/author\/encontraouropreto\/\"}]}<\/script>\n<!-- \/ Yoast SEO plugin. -->","yoast_head_json":{"title":"Ouro Preto: ministro do STF falta \u00e0 cerim\u00f4nia da Medalha da Inconfid\u00eancia | Guia Comercial de Ouro Preto MG","robots":{"index":"index","follow":"follow","max-snippet":"max-snippet:-1","max-image-preview":"max-image-preview:large","max-video-preview":"max-video-preview:-1"},"canonical":"https:\/\/www.encontraminasgerais.com.br\/ouro-preto\/ouro-preto-ministro-do-stf-falta-a-cerimonia-da-medalha-da-inconfidencia\/","og_locale":"pt_BR","og_type":"article","og_title":"Ouro Preto: ministro do STF falta \u00e0 cerim\u00f4nia da Medalha da Inconfid\u00eancia | Guia Comercial de Ouro Preto MG","og_description":"A falta do ministro do STF em Ouro Preto gera questionamentos sobre os embates judiciais.","og_url":"https:\/\/www.encontraminasgerais.com.br\/ouro-preto\/ouro-preto-ministro-do-stf-falta-a-cerimonia-da-medalha-da-inconfidencia\/","og_site_name":"Guia Comercial de Ouro Preto MG","article_published_time":"2026-04-26T09:45:06+00:00","og_image":[{"url":"https:\/\/www.encontraminasgerais.com.br\/ouro-preto\/wp-content\/uploads\/2026\/04\/ouro-preto-ministro-do-stf-falta-a-cerimonia-da-medalha-da-inconfidencia.webp","type":"","width":"","height":""}],"author":"Encontra Ouro Preto","twitter_card":"summary_large_image","twitter_misc":{"Escrito por":"Encontra Ouro Preto","Est. tempo de leitura":"4 minutos"},"schema":{"@context":"https:\/\/schema.org","@graph":[{"@type":"Article","@id":"https:\/\/www.encontraminasgerais.com.br\/ouro-preto\/ouro-preto-ministro-do-stf-falta-a-cerimonia-da-medalha-da-inconfidencia\/#article","isPartOf":{"@id":"https:\/\/www.encontraminasgerais.com.br\/ouro-preto\/ouro-preto-ministro-do-stf-falta-a-cerimonia-da-medalha-da-inconfidencia\/"},"author":{"name":"Encontra Ouro Preto","@id":"https:\/\/www.encontraminasgerais.com.br\/ouro-preto\/#\/schema\/person\/d55d0e79e38dd7d6474efd815b181c4d"},"headline":"Ouro Preto: ministro do STF falta \u00e0 cerim\u00f4nia da Medalha da Inconfid\u00eancia","datePublished":"2026-04-26T09:45:06+00:00","mainEntityOfPage":{"@id":"https:\/\/www.encontraminasgerais.com.br\/ouro-preto\/ouro-preto-ministro-do-stf-falta-a-cerimonia-da-medalha-da-inconfidencia\/"},"wordCount":795,"commentCount":0,"image":{"@id":"https:\/\/www.encontraminasgerais.com.br\/ouro-preto\/ouro-preto-ministro-do-stf-falta-a-cerimonia-da-medalha-da-inconfidencia\/#primaryimage"},"thumbnailUrl":"https:\/\/www.encontraminasgerais.com.br\/ouro-preto\/wp-content\/uploads\/2026\/04\/ouro-preto-ministro-do-stf-falta-a-cerimonia-da-medalha-da-inconfidencia.webp","articleSection":["Not\u00edcias Ouro Preto"],"inLanguage":"pt-BR","potentialAction":[{"@type":"CommentAction","name":"Comment","target":["https:\/\/www.encontraminasgerais.com.br\/ouro-preto\/ouro-preto-ministro-do-stf-falta-a-cerimonia-da-medalha-da-inconfidencia\/#respond"]}]},{"@type":"WebPage","@id":"https:\/\/www.encontraminasgerais.com.br\/ouro-preto\/ouro-preto-ministro-do-stf-falta-a-cerimonia-da-medalha-da-inconfidencia\/","url":"https:\/\/www.encontraminasgerais.com.br\/ouro-preto\/ouro-preto-ministro-do-stf-falta-a-cerimonia-da-medalha-da-inconfidencia\/","name":"Ouro Preto: ministro do STF falta \u00e0 cerim\u00f4nia da Medalha da Inconfid\u00eancia | Guia Comercial de Ouro Preto MG","isPartOf":{"@id":"https:\/\/www.encontraminasgerais.com.br\/ouro-preto\/#website"},"primaryImageOfPage":{"@id":"https:\/\/www.encontraminasgerais.com.br\/ouro-preto\/ouro-preto-ministro-do-stf-falta-a-cerimonia-da-medalha-da-inconfidencia\/#primaryimage"},"image":{"@id":"https:\/\/www.encontraminasgerais.com.br\/ouro-preto\/ouro-preto-ministro-do-stf-falta-a-cerimonia-da-medalha-da-inconfidencia\/#primaryimage"},"thumbnailUrl":"https:\/\/www.encontraminasgerais.com.br\/ouro-preto\/wp-content\/uploads\/2026\/04\/ouro-preto-ministro-do-stf-falta-a-cerimonia-da-medalha-da-inconfidencia.webp","datePublished":"2026-04-26T09:45:06+00:00","author":{"@id":"https:\/\/www.encontraminasgerais.com.br\/ouro-preto\/#\/schema\/person\/d55d0e79e38dd7d6474efd815b181c4d"},"inLanguage":"pt-BR","potentialAction":[{"@type":"ReadAction","target":["https:\/\/www.encontraminasgerais.com.br\/ouro-preto\/ouro-preto-ministro-do-stf-falta-a-cerimonia-da-medalha-da-inconfidencia\/"]}]},{"@type":"ImageObject","inLanguage":"pt-BR","@id":"https:\/\/www.encontraminasgerais.com.br\/ouro-preto\/ouro-preto-ministro-do-stf-falta-a-cerimonia-da-medalha-da-inconfidencia\/#primaryimage","url":"https:\/\/www.encontraminasgerais.com.br\/ouro-preto\/wp-content\/uploads\/2026\/04\/ouro-preto-ministro-do-stf-falta-a-cerimonia-da-medalha-da-inconfidencia.webp","contentUrl":"https:\/\/www.encontraminasgerais.com.br\/ouro-preto\/wp-content\/uploads\/2026\/04\/ouro-preto-ministro-do-stf-falta-a-cerimonia-da-medalha-da-inconfidencia.webp","width":280,"height":280,"caption":"ministro do stf"},{"@type":"WebSite","@id":"https:\/\/www.encontraminasgerais.com.br\/ouro-preto\/#website","url":"https:\/\/www.encontraminasgerais.com.br\/ouro-preto\/","name":"Guia Comercial de Ouro Preto MG","description":"O Encontra Ouro Preto \u00e9 o guia mais completo da cidade Ouro Preto com com\u00e9rcios, servi\u00e7os, noticias, jornal, hist\u00f3ria e lazer da cidade.","potentialAction":[{"@type":"SearchAction","target":{"@type":"EntryPoint","urlTemplate":"https:\/\/www.encontraminasgerais.com.br\/ouro-preto\/?s={search_term_string}"},"query-input":{"@type":"PropertyValueSpecification","valueRequired":true,"valueName":"search_term_string"}}],"inLanguage":"pt-BR"},{"@type":"Person","@id":"https:\/\/www.encontraminasgerais.com.br\/ouro-preto\/#\/schema\/person\/d55d0e79e38dd7d6474efd815b181c4d","name":"Encontra Ouro Preto","image":{"@type":"ImageObject","inLanguage":"pt-BR","@id":"https:\/\/secure.gravatar.com\/avatar\/c50c17820bcf322f0a8fd6b110b8c0918141409dc69076470f6fca5fee70a5d4?s=96&d=mm&r=g","url":"https:\/\/secure.gravatar.com\/avatar\/c50c17820bcf322f0a8fd6b110b8c0918141409dc69076470f6fca5fee70a5d4?s=96&d=mm&r=g","contentUrl":"https:\/\/secure.gravatar.com\/avatar\/c50c17820bcf322f0a8fd6b110b8c0918141409dc69076470f6fca5fee70a5d4?s=96&d=mm&r=g","caption":"Encontra Ouro Preto"},"url":"https:\/\/www.encontraminasgerais.com.br\/ouro-preto\/author\/encontraouropreto\/"}]}},"_links":{"self":[{"href":"https:\/\/www.encontraminasgerais.com.br\/ouro-preto\/wp-json\/wp\/v2\/posts\/4695","targetHints":{"allow":["GET"]}}],"collection":[{"href":"https:\/\/www.encontraminasgerais.com.br\/ouro-preto\/wp-json\/wp\/v2\/posts"}],"about":[{"href":"https:\/\/www.encontraminasgerais.com.br\/ouro-preto\/wp-json\/wp\/v2\/types\/post"}],"author":[{"embeddable":true,"href":"https:\/\/www.encontraminasgerais.com.br\/ouro-preto\/wp-json\/wp\/v2\/users\/1"}],"replies":[{"embeddable":true,"href":"https:\/\/www.encontraminasgerais.com.br\/ouro-preto\/wp-json\/wp\/v2\/comments?post=4695"}],"version-history":[{"count":0,"href":"https:\/\/www.encontraminasgerais.com.br\/ouro-preto\/wp-json\/wp\/v2\/posts\/4695\/revisions"}],"wp:featuredmedia":[{"embeddable":true,"href":"https:\/\/www.encontraminasgerais.com.br\/ouro-preto\/wp-json\/wp\/v2\/media\/4694"}],"wp:attachment":[{"href":"https:\/\/www.encontraminasgerais.com.br\/ouro-preto\/wp-json\/wp\/v2\/media?parent=4695"}],"wp:term":[{"taxonomy":"category","embeddable":true,"href":"https:\/\/www.encontraminasgerais.com.br\/ouro-preto\/wp-json\/wp\/v2\/categories?post=4695"},{"taxonomy":"post_tag","embeddable":true,"href":"https:\/\/www.encontraminasgerais.com.br\/ouro-preto\/wp-json\/wp\/v2\/tags?post=4695"}],"curies":[{"name":"wp","href":"https:\/\/api.w.org\/{rel}","templated":true}]}}