{"id":4697,"date":"2026-04-26T06:46:33","date_gmt":"2026-04-26T09:46:33","guid":{"rendered":"https:\/\/www.encontraminasgerais.com.br\/ouro-preto\/governo-de-minas-transfere-capital-do-estado-para-ouro-preto-na-regiao-central-de-minas\/"},"modified":"2026-04-26T06:46:33","modified_gmt":"2026-04-26T09:46:33","slug":"governo-de-minas-transfere-capital-do-estado-para-ouro-preto-na-regiao-central-de-minas","status":"publish","type":"post","link":"https:\/\/www.encontraminasgerais.com.br\/ouro-preto\/governo-de-minas-transfere-capital-do-estado-para-ouro-preto-na-regiao-central-de-minas\/","title":{"rendered":"Governo de Minas transfere capital do Estado para Ouro Preto , na regi\u00e3o Central de Minas"},"content":{"rendered":"<h2>Hist\u00f3ria de Ouro Preto<\/h2>\n<p>A cidade de Ouro Preto, situada na regi\u00e3o central de Minas Gerais, \u00e9 um lugar de grande relev\u00e2ncia hist\u00f3rica e cultural. Fundada no s\u00e9culo XVIII, a cidade floresceu durante o per\u00edodo do ciclo do ouro, tornando-se um dos principais centros econ\u00f4micos do Brasil Col\u00f4nia. Com suas ruas de paralelep\u00edpedos e arquitetura colonial, Ouro Preto abriga vibrantes express\u00f5es da cultura barroca, refletidas em suas igrejas e institui\u00e7\u00f5es. Sua import\u00e2ncia foi tamanha que, em 1822, foi fundada como a primeira capital da prov\u00edncia de Minas Gerais. Embora a capital tenha sido transferida para Belo Horizonte em 1897, Ouro Preto permanece como um \u00edcone do patrim\u00f4nio nacional.<\/p>\n<h2>O que Motiva a Transfer\u00eancia da Capital?<\/h2>\n<p>A transfer\u00eancia da capital de Minas Gerais para Ouro Preto, embora tempor\u00e1ria, \u00e9 motivada por v\u00e1rios fatores. O primeiro deles \u00e9 o desejo de reviver e valorizar a rica hist\u00f3ria da cidade. O atual governo acredita que essa iniciativa ir\u00e1 trazer benef\u00edcios econ\u00f4micos e culturais significativos para a regi\u00e3o. Al\u00e9m disso, a data escolhida para a cerim\u00f4nia coincide com o Dia de Tiradentes, um feriado nacional que celebra a luta pela independ\u00eancia do Brasil. Dessa forma, a transfer\u00eancia tamb\u00e9m busca refor\u00e7ar a identidade mineira e a import\u00e2ncia dos her\u00f3is da Inconfid\u00eancia Mineira.<\/p>\n<h2>Papel de Ouro Preto na Cultura Mineira<\/h2>\n<p>Ouro Preto n\u00e3o \u00e9 apenas uma cidade hist\u00f3rica, mas tamb\u00e9m um importante s\u00edmbolo da cultura mineira. Com sua rica heran\u00e7a cultural, a cidade \u00e9 sede de diversas manifesta\u00e7\u00f5es art\u00edsticas, incluindo festivais de m\u00fasica, artesanato, e folclore. Al\u00e9m disso, a cidade \u00e9 lar de muitas institui\u00e7\u00f5es de ensino, como a Universidade Federal de Ouro Preto (UFOP), que contribui para o desenvolvimento intelectual dos mineiros. A sua arquitetura barroca e as manifesta\u00e7\u00f5es art\u00edsticas locais refor\u00e7am o papel de Ouro Preto como um basti\u00e3o da cultura e da tradi\u00e7\u00e3o mineira.<\/p>\n<p><img decoding=\"async\" src=\"https:\/\/www.encontraminasgerais.com.br\/ouro-preto\/wp-content\/uploads\/2026\/04\/governo-de-minas-transfere-capital-do-estado-para-ouro-preto-na-regiao-central-de-minas.webp\" alt=\"transfer\u00eancia da capital do Estado para Ouro Preto\" loading=\"lazy\" \/><\/p>\n<h2>Impactos do Evento na Regi\u00e3o Central<\/h2>\n<p>A transfer\u00eancia da capital para Ouro Preto, mesmo que por um curto per\u00edodo, tem um impacto significativo na regi\u00e3o central de Minas. Espera-se que a movimenta\u00e7\u00e3o traga um aumento no turismo local, com visitantes interessados em explorar a hist\u00f3ria e as tradi\u00e7\u00f5es da regi\u00e3o. Al\u00e9m disso, o evento promove a economia local, gerando emprego e renda para os residentes. O governo ressalta que a iniciativa tamb\u00e9m \u00e9 uma maneira de estimular investimentos e melhorias na infraestrutura da cidade.<\/p>\n<h2>Expectativas do Governador Mateus Sim\u00f5es<\/h2>\n<p>O governador Mateus Sim\u00f5es est\u00e1 otimista com a transfer\u00eancia da capital para Ouro Preto. Em suas declara\u00e7\u00f5es, ele enfatizou que a mudan\u00e7a simboliza um refor\u00e7o \u00e0 presen\u00e7a do governo na regi\u00e3o central do estado. Sim\u00f5es acredita que a iniciativa n\u00e3o s\u00f3 revaloriza a cidade, mas tamb\u00e9m potencializa a\u00e7\u00f5es governamentais que podem trazer melhorias aos cidad\u00e3os locais. A transfer\u00eancia \u00e9 vista como uma oportunidade para garantir que os direitos e as demandas da popula\u00e7\u00e3o mineira sejam ouvidos com mais aten\u00e7\u00e3o.<\/p>\n<h2>Como a Transfer\u00eancia Afeta os Cidad\u00e3os?<\/h2>\n<p>A chegada das autoridades em Ouro Preto durante a transfer\u00eancia da capital traz uma expectativa de maior aten\u00e7\u00e3o \u00e0s necessidades dos cidad\u00e3os. Ser\u00e3o realizados encontros e audi\u00eancias p\u00fablicas para discutir temas relevantes para a popula\u00e7\u00e3o. Al\u00e9m disso, a presen\u00e7a do governo na cidade durante esses dias proporciona uma chance para os moradores expressarem suas preocupa\u00e7\u00f5es e reivindica\u00e7\u00f5es diretamente \u00e0s autoridades. Isso \u00e9 visto como um passo positivo para uma governan\u00e7a mais participativa.<\/p>\n<h2>Ouro Preto como Sede do Poder Executivo<\/h2>\n<p>Ouro Preto, enquanto sede tempor\u00e1ria do Poder Executivo mineiro, se transforma em um centro de decis\u00f5es pol\u00edticas. Durante o per\u00edodo de transfer\u00eancia, v\u00e1rias reuni\u00f5es e eventos ser\u00e3o realizados na cidade, trazendo \u00e0 tona quest\u00f5es importantes que afetam os cidad\u00e3os e a regi\u00e3o como um todo. A administra\u00e7\u00e3o do governo tamb\u00e9m se compromete a aproveitar a oportunidade para dialogar sobre planos e a\u00e7\u00f5es futuras que continuar\u00e3o a beneficiar a localidade, mesmo ap\u00f3s o t\u00e9rmino da cerim\u00f4nia.<\/p>\n<h2>Cerim\u00f4nia e Atividades Planejadas<\/h2>\n<p>A cerim\u00f4nia de transfer\u00eancia da capital acontece no anexo do Museu da Inconfid\u00eancia, um espa\u00e7o que representa a luta pela liberdade e a hist\u00f3ria rica de Minas Gerais. Durante o evento, diversas atividades culturais est\u00e3o programadas, incluindo apresenta\u00e7\u00f5es musicais e exposi\u00e7\u00f5es de arte que ilustram a heran\u00e7a cultural da cidade. A inten\u00e7\u00e3o \u00e9 celebrar n\u00e3o apenas a hist\u00f3ria de Ouro Preto, mas tamb\u00e9m sua contribui\u00e7\u00e3o cont\u00ednua para a identidade mineira.<\/p>\n<h2>Contribui\u00e7\u00e3o para o Turismo Local<\/h2>\n<p>Um dos principais benef\u00edcios da transfer\u00eancia da capital \u00e9 o impulso ao turismo local. A chegada de visitantes para participar das festividades oferecer\u00e1 uma inje\u00e7\u00e3o de recursos na economia local. Com lojas, restaurantes e servi\u00e7os associados ao turismo, a cidade deve experienciar um fluxo maior de investimentos durante e ap\u00f3s o evento. Espera-se que essa movimenta\u00e7\u00e3o tur\u00edstica tamb\u00e9m traga uma maior conscientiza\u00e7\u00e3o sobre a import\u00e2ncia de preservar o patrim\u00f4nio cultural e hist\u00f3rico da cidade.<\/p>\n<h2>Pr\u00f3ximos Passos Ap\u00f3s a Transfer\u00eancia<\/h2>\n<p>Ap\u00f3s a conclus\u00e3o da transfer\u00eancia, o governo planeja implementar uma s\u00e9rie de projetos que visam o desenvolvimento sustentado de Ouro Preto e da regi\u00e3o central. As autoridades se mostrar\u00e3o receptivas a sugest\u00f5es da comunidade e buscar\u00e3o maneiras de fomentar a economia local. A ideia \u00e9 que os efeitos positivos da transfer\u00eancia da capital perdurem, contribuindo para a melhoria da qualidade de vida dos cidad\u00e3os mineiros.<\/p>\n","protected":false},"excerpt":{"rendered":"<p>A transfer\u00eancia da capital do Estado para Ouro Preto \u00e9 uma mudan\u00e7a hist\u00f3rica e impactante.<\/p>\n","protected":false},"author":1,"featured_media":4696,"comment_status":"open","ping_status":"open","sticky":false,"template":"","format":"standard","meta":{"footnotes":""},"categories":[5],"tags":[],"class_list":["post-4697","post","type-post","status-publish","format-standard","has-post-thumbnail","hentry","category-noticias","has_thumb"],"yoast_head":"<!-- This site is optimized with the Yoast SEO plugin v27.2 - https:\/\/yoast.com\/product\/yoast-seo-wordpress\/ -->\n<title>Governo de Minas transfere capital do Estado para Ouro Preto , na regi\u00e3o Central de Minas | Guia Comercial de Ouro Preto MG<\/title>\n<meta name=\"robots\" content=\"index, follow, max-snippet:-1, max-image-preview:large, max-video-preview:-1\" \/>\n<link rel=\"canonical\" href=\"https:\/\/www.encontraminasgerais.com.br\/ouro-preto\/governo-de-minas-transfere-capital-do-estado-para-ouro-preto-na-regiao-central-de-minas\/\" \/>\n<meta property=\"og:locale\" content=\"pt_BR\" \/>\n<meta property=\"og:type\" content=\"article\" \/>\n<meta property=\"og:title\" content=\"Governo de Minas transfere capital do Estado para Ouro Preto , na regi\u00e3o Central de Minas | Guia Comercial de Ouro Preto MG\" \/>\n<meta property=\"og:description\" content=\"A transfer\u00eancia da capital do Estado para Ouro Preto \u00e9 uma mudan\u00e7a hist\u00f3rica e impactante.\" \/>\n<meta property=\"og:url\" content=\"https:\/\/www.encontraminasgerais.com.br\/ouro-preto\/governo-de-minas-transfere-capital-do-estado-para-ouro-preto-na-regiao-central-de-minas\/\" \/>\n<meta property=\"og:site_name\" content=\"Guia Comercial de Ouro Preto MG\" \/>\n<meta property=\"article:published_time\" content=\"2026-04-26T09:46:33+00:00\" \/>\n<meta property=\"og:image\" content=\"https:\/\/www.encontraminasgerais.com.br\/ouro-preto\/wp-content\/uploads\/2026\/04\/governo-de-minas-transfere-capital-do-estado-para-ouro-preto-na-regiao-central-de-minas.webp\" \/>\n<meta name=\"author\" content=\"Encontra Ouro Preto\" \/>\n<meta name=\"twitter:card\" content=\"summary_large_image\" \/>\n<meta name=\"twitter:label1\" content=\"Escrito por\" \/>\n\t<meta name=\"twitter:data1\" content=\"Encontra Ouro Preto\" \/>\n\t<meta name=\"twitter:label2\" content=\"Est. tempo de leitura\" \/>\n\t<meta name=\"twitter:data2\" content=\"5 minutos\" \/>\n<script type=\"application\/ld+json\" class=\"yoast-schema-graph\">{\"@context\":\"https:\/\/schema.org\",\"@graph\":[{\"@type\":\"Article\",\"@id\":\"https:\/\/www.encontraminasgerais.com.br\/ouro-preto\/governo-de-minas-transfere-capital-do-estado-para-ouro-preto-na-regiao-central-de-minas\/#article\",\"isPartOf\":{\"@id\":\"https:\/\/www.encontraminasgerais.com.br\/ouro-preto\/governo-de-minas-transfere-capital-do-estado-para-ouro-preto-na-regiao-central-de-minas\/\"},\"author\":{\"name\":\"Encontra Ouro Preto\",\"@id\":\"https:\/\/www.encontraminasgerais.com.br\/ouro-preto\/#\/schema\/person\/d55d0e79e38dd7d6474efd815b181c4d\"},\"headline\":\"Governo de Minas transfere capital do Estado para Ouro Preto , na regi\u00e3o Central de Minas\",\"datePublished\":\"2026-04-26T09:46:33+00:00\",\"mainEntityOfPage\":{\"@id\":\"https:\/\/www.encontraminasgerais.com.br\/ouro-preto\/governo-de-minas-transfere-capital-do-estado-para-ouro-preto-na-regiao-central-de-minas\/\"},\"wordCount\":998,\"commentCount\":0,\"image\":{\"@id\":\"https:\/\/www.encontraminasgerais.com.br\/ouro-preto\/governo-de-minas-transfere-capital-do-estado-para-ouro-preto-na-regiao-central-de-minas\/#primaryimage\"},\"thumbnailUrl\":\"https:\/\/www.encontraminasgerais.com.br\/ouro-preto\/wp-content\/uploads\/2026\/04\/governo-de-minas-transfere-capital-do-estado-para-ouro-preto-na-regiao-central-de-minas.webp\",\"articleSection\":[\"Not\u00edcias Ouro Preto\"],\"inLanguage\":\"pt-BR\",\"potentialAction\":[{\"@type\":\"CommentAction\",\"name\":\"Comment\",\"target\":[\"https:\/\/www.encontraminasgerais.com.br\/ouro-preto\/governo-de-minas-transfere-capital-do-estado-para-ouro-preto-na-regiao-central-de-minas\/#respond\"]}]},{\"@type\":\"WebPage\",\"@id\":\"https:\/\/www.encontraminasgerais.com.br\/ouro-preto\/governo-de-minas-transfere-capital-do-estado-para-ouro-preto-na-regiao-central-de-minas\/\",\"url\":\"https:\/\/www.encontraminasgerais.com.br\/ouro-preto\/governo-de-minas-transfere-capital-do-estado-para-ouro-preto-na-regiao-central-de-minas\/\",\"name\":\"Governo de Minas transfere capital do Estado para Ouro Preto , na regi\u00e3o Central de Minas | Guia Comercial de Ouro Preto MG\",\"isPartOf\":{\"@id\":\"https:\/\/www.encontraminasgerais.com.br\/ouro-preto\/#website\"},\"primaryImageOfPage\":{\"@id\":\"https:\/\/www.encontraminasgerais.com.br\/ouro-preto\/governo-de-minas-transfere-capital-do-estado-para-ouro-preto-na-regiao-central-de-minas\/#primaryimage\"},\"image\":{\"@id\":\"https:\/\/www.encontraminasgerais.com.br\/ouro-preto\/governo-de-minas-transfere-capital-do-estado-para-ouro-preto-na-regiao-central-de-minas\/#primaryimage\"},\"thumbnailUrl\":\"https:\/\/www.encontraminasgerais.com.br\/ouro-preto\/wp-content\/uploads\/2026\/04\/governo-de-minas-transfere-capital-do-estado-para-ouro-preto-na-regiao-central-de-minas.webp\",\"datePublished\":\"2026-04-26T09:46:33+00:00\",\"author\":{\"@id\":\"https:\/\/www.encontraminasgerais.com.br\/ouro-preto\/#\/schema\/person\/d55d0e79e38dd7d6474efd815b181c4d\"},\"inLanguage\":\"pt-BR\",\"potentialAction\":[{\"@type\":\"ReadAction\",\"target\":[\"https:\/\/www.encontraminasgerais.com.br\/ouro-preto\/governo-de-minas-transfere-capital-do-estado-para-ouro-preto-na-regiao-central-de-minas\/\"]}]},{\"@type\":\"ImageObject\",\"inLanguage\":\"pt-BR\",\"@id\":\"https:\/\/www.encontraminasgerais.com.br\/ouro-preto\/governo-de-minas-transfere-capital-do-estado-para-ouro-preto-na-regiao-central-de-minas\/#primaryimage\",\"url\":\"https:\/\/www.encontraminasgerais.com.br\/ouro-preto\/wp-content\/uploads\/2026\/04\/governo-de-minas-transfere-capital-do-estado-para-ouro-preto-na-regiao-central-de-minas.webp\",\"contentUrl\":\"https:\/\/www.encontraminasgerais.com.br\/ouro-preto\/wp-content\/uploads\/2026\/04\/governo-de-minas-transfere-capital-do-estado-para-ouro-preto-na-regiao-central-de-minas.webp\",\"width\":280,\"height\":280,\"caption\":\"transfer\u00eancia da capital do Estado para Ouro Preto\"},{\"@type\":\"WebSite\",\"@id\":\"https:\/\/www.encontraminasgerais.com.br\/ouro-preto\/#website\",\"url\":\"https:\/\/www.encontraminasgerais.com.br\/ouro-preto\/\",\"name\":\"Guia Comercial de Ouro Preto MG\",\"description\":\"O Encontra Ouro Preto \u00e9 o guia mais completo da cidade Ouro Preto com com\u00e9rcios, servi\u00e7os, noticias, jornal, hist\u00f3ria e lazer da cidade.\",\"potentialAction\":[{\"@type\":\"SearchAction\",\"target\":{\"@type\":\"EntryPoint\",\"urlTemplate\":\"https:\/\/www.encontraminasgerais.com.br\/ouro-preto\/?s={search_term_string}\"},\"query-input\":{\"@type\":\"PropertyValueSpecification\",\"valueRequired\":true,\"valueName\":\"search_term_string\"}}],\"inLanguage\":\"pt-BR\"},{\"@type\":\"Person\",\"@id\":\"https:\/\/www.encontraminasgerais.com.br\/ouro-preto\/#\/schema\/person\/d55d0e79e38dd7d6474efd815b181c4d\",\"name\":\"Encontra Ouro Preto\",\"image\":{\"@type\":\"ImageObject\",\"inLanguage\":\"pt-BR\",\"@id\":\"https:\/\/secure.gravatar.com\/avatar\/c50c17820bcf322f0a8fd6b110b8c0918141409dc69076470f6fca5fee70a5d4?s=96&d=mm&r=g\",\"url\":\"https:\/\/secure.gravatar.com\/avatar\/c50c17820bcf322f0a8fd6b110b8c0918141409dc69076470f6fca5fee70a5d4?s=96&d=mm&r=g\",\"contentUrl\":\"https:\/\/secure.gravatar.com\/avatar\/c50c17820bcf322f0a8fd6b110b8c0918141409dc69076470f6fca5fee70a5d4?s=96&d=mm&r=g\",\"caption\":\"Encontra Ouro Preto\"},\"url\":\"https:\/\/www.encontraminasgerais.com.br\/ouro-preto\/author\/encontraouropreto\/\"}]}<\/script>\n<!-- \/ Yoast SEO plugin. -->","yoast_head_json":{"title":"Governo de Minas transfere capital do Estado para Ouro Preto , na regi\u00e3o Central de Minas | Guia Comercial de Ouro Preto MG","robots":{"index":"index","follow":"follow","max-snippet":"max-snippet:-1","max-image-preview":"max-image-preview:large","max-video-preview":"max-video-preview:-1"},"canonical":"https:\/\/www.encontraminasgerais.com.br\/ouro-preto\/governo-de-minas-transfere-capital-do-estado-para-ouro-preto-na-regiao-central-de-minas\/","og_locale":"pt_BR","og_type":"article","og_title":"Governo de Minas transfere capital do Estado para Ouro Preto , na regi\u00e3o Central de Minas | Guia Comercial de Ouro Preto MG","og_description":"A transfer\u00eancia da capital do Estado para Ouro Preto \u00e9 uma mudan\u00e7a hist\u00f3rica e impactante.","og_url":"https:\/\/www.encontraminasgerais.com.br\/ouro-preto\/governo-de-minas-transfere-capital-do-estado-para-ouro-preto-na-regiao-central-de-minas\/","og_site_name":"Guia Comercial de Ouro Preto MG","article_published_time":"2026-04-26T09:46:33+00:00","og_image":[{"url":"https:\/\/www.encontraminasgerais.com.br\/ouro-preto\/wp-content\/uploads\/2026\/04\/governo-de-minas-transfere-capital-do-estado-para-ouro-preto-na-regiao-central-de-minas.webp","type":"","width":"","height":""}],"author":"Encontra Ouro Preto","twitter_card":"summary_large_image","twitter_misc":{"Escrito por":"Encontra Ouro Preto","Est. tempo de leitura":"5 minutos"},"schema":{"@context":"https:\/\/schema.org","@graph":[{"@type":"Article","@id":"https:\/\/www.encontraminasgerais.com.br\/ouro-preto\/governo-de-minas-transfere-capital-do-estado-para-ouro-preto-na-regiao-central-de-minas\/#article","isPartOf":{"@id":"https:\/\/www.encontraminasgerais.com.br\/ouro-preto\/governo-de-minas-transfere-capital-do-estado-para-ouro-preto-na-regiao-central-de-minas\/"},"author":{"name":"Encontra Ouro Preto","@id":"https:\/\/www.encontraminasgerais.com.br\/ouro-preto\/#\/schema\/person\/d55d0e79e38dd7d6474efd815b181c4d"},"headline":"Governo de Minas transfere capital do Estado para Ouro Preto , na regi\u00e3o Central de Minas","datePublished":"2026-04-26T09:46:33+00:00","mainEntityOfPage":{"@id":"https:\/\/www.encontraminasgerais.com.br\/ouro-preto\/governo-de-minas-transfere-capital-do-estado-para-ouro-preto-na-regiao-central-de-minas\/"},"wordCount":998,"commentCount":0,"image":{"@id":"https:\/\/www.encontraminasgerais.com.br\/ouro-preto\/governo-de-minas-transfere-capital-do-estado-para-ouro-preto-na-regiao-central-de-minas\/#primaryimage"},"thumbnailUrl":"https:\/\/www.encontraminasgerais.com.br\/ouro-preto\/wp-content\/uploads\/2026\/04\/governo-de-minas-transfere-capital-do-estado-para-ouro-preto-na-regiao-central-de-minas.webp","articleSection":["Not\u00edcias Ouro Preto"],"inLanguage":"pt-BR","potentialAction":[{"@type":"CommentAction","name":"Comment","target":["https:\/\/www.encontraminasgerais.com.br\/ouro-preto\/governo-de-minas-transfere-capital-do-estado-para-ouro-preto-na-regiao-central-de-minas\/#respond"]}]},{"@type":"WebPage","@id":"https:\/\/www.encontraminasgerais.com.br\/ouro-preto\/governo-de-minas-transfere-capital-do-estado-para-ouro-preto-na-regiao-central-de-minas\/","url":"https:\/\/www.encontraminasgerais.com.br\/ouro-preto\/governo-de-minas-transfere-capital-do-estado-para-ouro-preto-na-regiao-central-de-minas\/","name":"Governo de Minas transfere capital do Estado para Ouro Preto , na regi\u00e3o Central de Minas | Guia Comercial de Ouro Preto MG","isPartOf":{"@id":"https:\/\/www.encontraminasgerais.com.br\/ouro-preto\/#website"},"primaryImageOfPage":{"@id":"https:\/\/www.encontraminasgerais.com.br\/ouro-preto\/governo-de-minas-transfere-capital-do-estado-para-ouro-preto-na-regiao-central-de-minas\/#primaryimage"},"image":{"@id":"https:\/\/www.encontraminasgerais.com.br\/ouro-preto\/governo-de-minas-transfere-capital-do-estado-para-ouro-preto-na-regiao-central-de-minas\/#primaryimage"},"thumbnailUrl":"https:\/\/www.encontraminasgerais.com.br\/ouro-preto\/wp-content\/uploads\/2026\/04\/governo-de-minas-transfere-capital-do-estado-para-ouro-preto-na-regiao-central-de-minas.webp","datePublished":"2026-04-26T09:46:33+00:00","author":{"@id":"https:\/\/www.encontraminasgerais.com.br\/ouro-preto\/#\/schema\/person\/d55d0e79e38dd7d6474efd815b181c4d"},"inLanguage":"pt-BR","potentialAction":[{"@type":"ReadAction","target":["https:\/\/www.encontraminasgerais.com.br\/ouro-preto\/governo-de-minas-transfere-capital-do-estado-para-ouro-preto-na-regiao-central-de-minas\/"]}]},{"@type":"ImageObject","inLanguage":"pt-BR","@id":"https:\/\/www.encontraminasgerais.com.br\/ouro-preto\/governo-de-minas-transfere-capital-do-estado-para-ouro-preto-na-regiao-central-de-minas\/#primaryimage","url":"https:\/\/www.encontraminasgerais.com.br\/ouro-preto\/wp-content\/uploads\/2026\/04\/governo-de-minas-transfere-capital-do-estado-para-ouro-preto-na-regiao-central-de-minas.webp","contentUrl":"https:\/\/www.encontraminasgerais.com.br\/ouro-preto\/wp-content\/uploads\/2026\/04\/governo-de-minas-transfere-capital-do-estado-para-ouro-preto-na-regiao-central-de-minas.webp","width":280,"height":280,"caption":"transfer\u00eancia da capital do Estado para Ouro Preto"},{"@type":"WebSite","@id":"https:\/\/www.encontraminasgerais.com.br\/ouro-preto\/#website","url":"https:\/\/www.encontraminasgerais.com.br\/ouro-preto\/","name":"Guia Comercial de Ouro Preto MG","description":"O Encontra Ouro Preto \u00e9 o guia mais completo da cidade Ouro Preto com com\u00e9rcios, servi\u00e7os, noticias, jornal, hist\u00f3ria e lazer da cidade.","potentialAction":[{"@type":"SearchAction","target":{"@type":"EntryPoint","urlTemplate":"https:\/\/www.encontraminasgerais.com.br\/ouro-preto\/?s={search_term_string}"},"query-input":{"@type":"PropertyValueSpecification","valueRequired":true,"valueName":"search_term_string"}}],"inLanguage":"pt-BR"},{"@type":"Person","@id":"https:\/\/www.encontraminasgerais.com.br\/ouro-preto\/#\/schema\/person\/d55d0e79e38dd7d6474efd815b181c4d","name":"Encontra Ouro Preto","image":{"@type":"ImageObject","inLanguage":"pt-BR","@id":"https:\/\/secure.gravatar.com\/avatar\/c50c17820bcf322f0a8fd6b110b8c0918141409dc69076470f6fca5fee70a5d4?s=96&d=mm&r=g","url":"https:\/\/secure.gravatar.com\/avatar\/c50c17820bcf322f0a8fd6b110b8c0918141409dc69076470f6fca5fee70a5d4?s=96&d=mm&r=g","contentUrl":"https:\/\/secure.gravatar.com\/avatar\/c50c17820bcf322f0a8fd6b110b8c0918141409dc69076470f6fca5fee70a5d4?s=96&d=mm&r=g","caption":"Encontra Ouro Preto"},"url":"https:\/\/www.encontraminasgerais.com.br\/ouro-preto\/author\/encontraouropreto\/"}]}},"_links":{"self":[{"href":"https:\/\/www.encontraminasgerais.com.br\/ouro-preto\/wp-json\/wp\/v2\/posts\/4697","targetHints":{"allow":["GET"]}}],"collection":[{"href":"https:\/\/www.encontraminasgerais.com.br\/ouro-preto\/wp-json\/wp\/v2\/posts"}],"about":[{"href":"https:\/\/www.encontraminasgerais.com.br\/ouro-preto\/wp-json\/wp\/v2\/types\/post"}],"author":[{"embeddable":true,"href":"https:\/\/www.encontraminasgerais.com.br\/ouro-preto\/wp-json\/wp\/v2\/users\/1"}],"replies":[{"embeddable":true,"href":"https:\/\/www.encontraminasgerais.com.br\/ouro-preto\/wp-json\/wp\/v2\/comments?post=4697"}],"version-history":[{"count":0,"href":"https:\/\/www.encontraminasgerais.com.br\/ouro-preto\/wp-json\/wp\/v2\/posts\/4697\/revisions"}],"wp:featuredmedia":[{"embeddable":true,"href":"https:\/\/www.encontraminasgerais.com.br\/ouro-preto\/wp-json\/wp\/v2\/media\/4696"}],"wp:attachment":[{"href":"https:\/\/www.encontraminasgerais.com.br\/ouro-preto\/wp-json\/wp\/v2\/media?parent=4697"}],"wp:term":[{"taxonomy":"category","embeddable":true,"href":"https:\/\/www.encontraminasgerais.com.br\/ouro-preto\/wp-json\/wp\/v2\/categories?post=4697"},{"taxonomy":"post_tag","embeddable":true,"href":"https:\/\/www.encontraminasgerais.com.br\/ouro-preto\/wp-json\/wp\/v2\/tags?post=4697"}],"curies":[{"name":"wp","href":"https:\/\/api.w.org\/{rel}","templated":true}]}}