{"id":4699,"date":"2026-04-27T06:38:50","date_gmt":"2026-04-27T09:38:50","guid":{"rendered":"https:\/\/www.encontraminasgerais.com.br\/ouro-preto\/tarcisio-defende-liberdade-ao-receber-medalha-em-ouro-preto\/"},"modified":"2026-04-27T06:38:50","modified_gmt":"2026-04-27T09:38:50","slug":"tarcisio-defende-liberdade-ao-receber-medalha-em-ouro-preto","status":"publish","type":"post","link":"https:\/\/www.encontraminasgerais.com.br\/ouro-preto\/tarcisio-defende-liberdade-ao-receber-medalha-em-ouro-preto\/","title":{"rendered":"Tarc\u00edsio defende liberdade ao receber medalha em Ouro Preto"},"content":{"rendered":"<h2>O papel hist\u00f3rico dos mineiros<\/h2>\n<p>Ao marcar sua presen\u00e7a na cerim\u00f4nia de entrega do Grande Colar da Medalha da Inconfid\u00eancia, nesta ter\u00e7a-feira (21\/4), em Ouro Preto (MG), o governador de S\u00e3o Paulo, Tarc\u00edsio de Freitas, destacou a relev\u00e2ncia hist\u00f3rica dos mineiros na forma\u00e7\u00e3o do Brasil. Ele mencionou que, desde os prim\u00f3rdios, esse povo demonstrou habilidade em unir conhecimento e emo\u00e7\u00f5es para equilibrar interesses, resolvendo conflitos em torno da posse de recursos naturais e promovendo a paz e a autonomia.<\/p>\n<h2>Cr\u00edticas ao funcionamento do Estado<\/h2>\n<p>Durante seu discurso, Tarc\u00edsio apresentou uma cr\u00edtica \u00e0 maneira como o Estado brasileiro opera atualmente. Ele discutiu como as estruturas de poder precisam ser mais transparentes e eficazes, desafiando a natureza patrimonialista que, segundo ele, continua a corroer os fundamentos do governo. O governador enfatizou que existem distor\u00e7\u00f5es na maneira que os recursos p\u00fablicos s\u00e3o alocados, o que resulta em um sistema que n\u00e3o atende adequadamente \u00e0s necessidades da popula\u00e7\u00e3o.<\/p>\n<h2>Desafios contempor\u00e2neos ao Brasil<\/h2>\n<p>Tarc\u00edsio refletiu sobre os desafios enfrentados pelo Brasil nas \u00faltimas d\u00e9cadas. Ele questionou se o pa\u00eds, mais de 200 anos ap\u00f3s os ideais dos inconfidentes, realmente se tornou um espa\u00e7o que honra suas aspira\u00e7\u00f5es. Para ele, embora exista um enorme potencial, o Brasil ainda luta para n\u00e3o desperdi\u00e7ar oportunidades de progresso e desenvolvimento.<\/p>\n<p><img decoding=\"async\" src=\"https:\/\/www.encontraminasgerais.com.br\/ouro-preto\/wp-content\/uploads\/2026\/04\/tarcisio-defende-liberdade-ao-receber-medalha-em-ouro-preto.webp\" alt=\"liberdade\" loading=\"lazy\" \/><\/p>\n<h2>A import\u00e2ncia das institui\u00e7\u00f5es<\/h2>\n<p>O governador chamou a aten\u00e7\u00e3o para a necessidade urgente de fortalecer as institui\u00e7\u00f5es brasileiras. Para ele, um pa\u00eds s\u00f3lido se constr\u00f3i com bases institucionais robustas, necessitando de um sistema de freios e contrapesos que funcione de maneira eficaz. Tarc\u00edsio defendeu ainda um mercado que seja verdadeiramente competitivo, exigindo uma redu\u00e7\u00e3o de impostos e incentivando a inova\u00e7\u00e3o como pilares para avan\u00e7o no crescimento econ\u00f4mico.<\/p>\n<h2>Liberdade como conquista di\u00e1ria<\/h2>\n<p>Em sua fala, Tarc\u00edsio ressaltou que a liberdade n\u00e3o \u00e9 algo que deve ser dado por certa; ao contr\u00e1rio, ela deve ser uma conquista di\u00e1ria. Ele sugeriu que, apesar da Medalha da Inconfid\u00eancia representar uma honra, para ele, \u00e9 um lembrete sobre a import\u00e2ncia de continuar lutando pela autonomia e pelos direitos do povo. Essa mentalidade \u00e9 uma extens\u00e3o do legado dos inconfidentes, que buscaram um Brasil livre e aut\u00f4nomo.<\/p>\n<h2>Refer\u00eancias \u00e0 Inconfid\u00eancia Mineira<\/h2>\n<p>O governador fez refer\u00eancia a eventos hist\u00f3ricos marcantes, como a Guerra dos Emboabas e a Inconfid\u00eancia Mineira, estabelecendo um fio condutor de resist\u00eancia e busca por liberdade ao longo da hist\u00f3ria de Minas Gerais. Ele destacou que cada um desses eventos representa uma luta pelo reconhecimento de direitos e autonomia, elementos essenciais para a constru\u00e7\u00e3o da identidade nacional.<\/p>\n<h2>Desempenho do Brasil nos \u00faltimos s\u00e9culos<\/h2>\n<p>Tarc\u00edsio abordou o fato de que o Brasil passou por ciclos de crescimento e crise, enfatizando que a altern\u00e2ncia entre esses per\u00edodos reflete a instabilidade do Estado e a falta de uma gest\u00e3o eficaz. Ele confirmou que muitos pa\u00edses que sa\u00edram de crises passaram a ter sucesso, mas ressaltou a import\u00e2ncia de se aprender com os erros do passado para n\u00e3o repetir os mesmos padr\u00f5es.<\/p>\n<h2>Constrangimentos pol\u00edticos e sociais<\/h2>\n<p>Ele tamb\u00e9m chamou aten\u00e7\u00e3o para a polariza\u00e7\u00e3o pol\u00edtica existente atualmente. Segundo Tarc\u00edsio, o Brasil gasta demasiada energia com divis\u00f5es pol\u00edticas que n\u00e3o trazem resultados construtivos. Esses constrangimentos sociais, segundo ele, dificultam o consenso e a unidade necess\u00e1ria para movimentar o pa\u00eds em dire\u00e7\u00e3o a um futuro mais promissor e unificado.<\/p>\n<h2>A busca por um pa\u00eds mais forte<\/h2>\n<p>Em seu discurso, Tarc\u00edsio expressou a vis\u00e3o de um Brasil mais forte, onde as institui\u00e7\u00f5es funcionam corretamente e as pol\u00edticas p\u00fablicas s\u00e3o eficazes. Ele mencionou que a sociedade precisa se mobilizar para garantir que as mudan\u00e7as desejadas sejam implementadas, refor\u00e7ando a import\u00e2ncia da participa\u00e7\u00e3o social na busca por um futuro melhor para todos os cidad\u00e3os.<\/p>\n<h2>Compromisso com a autonomia pol\u00edtica<\/h2>\n<p>Finalmente, ao concluir sua fala, Tarc\u00edsio reconheceu o amanhecer de novas oportunidades representado pela entrega da medalha, e reiterou seu compromisso com a luta pela liberdade e pela autonomia coletiva. Essa entrega, portanto, se tornou n\u00e3o apenas um reconhecimento, mas tamb\u00e9m uma convoca\u00e7\u00e3o para que todos continuem a trabalhar juntos em prol da liberdade e do avan\u00e7o da sociedade brasileira.<\/p>\n<p>A cerim\u00f4nia em Ouro Preto marcou a entrega de 171 medalhas em diferentes categorias, integrando as celebra\u00e7\u00f5es do Dia de Tiradentes. Isso relembra a import\u00e2ncia de honrar figuras hist\u00f3ricas que lutaram pela liberdade e pelo progresso no Brasil.<\/p>\n","protected":false},"excerpt":{"rendered":"<p>Tarc\u00edsio destaca a liberdade ao receber medalha em Ouro Preto.<\/p>\n","protected":false},"author":1,"featured_media":4698,"comment_status":"open","ping_status":"open","sticky":false,"template":"","format":"standard","meta":{"footnotes":""},"categories":[5],"tags":[],"class_list":["post-4699","post","type-post","status-publish","format-standard","has-post-thumbnail","hentry","category-noticias","has_thumb"],"yoast_head":"<!-- This site is optimized with the Yoast SEO plugin v27.2 - https:\/\/yoast.com\/product\/yoast-seo-wordpress\/ -->\n<title>Tarc\u00edsio defende liberdade ao receber medalha em Ouro Preto | Guia Comercial de Ouro Preto MG<\/title>\n<meta name=\"robots\" content=\"index, follow, max-snippet:-1, max-image-preview:large, max-video-preview:-1\" \/>\n<link rel=\"canonical\" href=\"https:\/\/www.encontraminasgerais.com.br\/ouro-preto\/tarcisio-defende-liberdade-ao-receber-medalha-em-ouro-preto\/\" \/>\n<meta property=\"og:locale\" content=\"pt_BR\" \/>\n<meta property=\"og:type\" content=\"article\" \/>\n<meta property=\"og:title\" content=\"Tarc\u00edsio defende liberdade ao receber medalha em Ouro Preto | Guia Comercial de Ouro Preto MG\" \/>\n<meta property=\"og:description\" content=\"Tarc\u00edsio destaca a liberdade ao receber medalha em Ouro Preto.\" \/>\n<meta property=\"og:url\" content=\"https:\/\/www.encontraminasgerais.com.br\/ouro-preto\/tarcisio-defende-liberdade-ao-receber-medalha-em-ouro-preto\/\" \/>\n<meta property=\"og:site_name\" content=\"Guia Comercial de Ouro Preto MG\" \/>\n<meta property=\"article:published_time\" content=\"2026-04-27T09:38:50+00:00\" \/>\n<meta property=\"og:image\" content=\"https:\/\/www.encontraminasgerais.com.br\/ouro-preto\/wp-content\/uploads\/2026\/04\/tarcisio-defende-liberdade-ao-receber-medalha-em-ouro-preto.webp\" \/>\n<meta name=\"author\" content=\"Encontra Ouro Preto\" \/>\n<meta name=\"twitter:card\" content=\"summary_large_image\" \/>\n<meta name=\"twitter:label1\" content=\"Escrito por\" \/>\n\t<meta name=\"twitter:data1\" content=\"Encontra Ouro Preto\" \/>\n\t<meta name=\"twitter:label2\" content=\"Est. tempo de leitura\" \/>\n\t<meta name=\"twitter:data2\" content=\"4 minutos\" \/>\n<script type=\"application\/ld+json\" class=\"yoast-schema-graph\">{\"@context\":\"https:\/\/schema.org\",\"@graph\":[{\"@type\":\"Article\",\"@id\":\"https:\/\/www.encontraminasgerais.com.br\/ouro-preto\/tarcisio-defende-liberdade-ao-receber-medalha-em-ouro-preto\/#article\",\"isPartOf\":{\"@id\":\"https:\/\/www.encontraminasgerais.com.br\/ouro-preto\/tarcisio-defende-liberdade-ao-receber-medalha-em-ouro-preto\/\"},\"author\":{\"name\":\"Encontra Ouro Preto\",\"@id\":\"https:\/\/www.encontraminasgerais.com.br\/ouro-preto\/#\/schema\/person\/d55d0e79e38dd7d6474efd815b181c4d\"},\"headline\":\"Tarc\u00edsio defende liberdade ao receber medalha em Ouro Preto\",\"datePublished\":\"2026-04-27T09:38:50+00:00\",\"mainEntityOfPage\":{\"@id\":\"https:\/\/www.encontraminasgerais.com.br\/ouro-preto\/tarcisio-defende-liberdade-ao-receber-medalha-em-ouro-preto\/\"},\"wordCount\":808,\"commentCount\":0,\"image\":{\"@id\":\"https:\/\/www.encontraminasgerais.com.br\/ouro-preto\/tarcisio-defende-liberdade-ao-receber-medalha-em-ouro-preto\/#primaryimage\"},\"thumbnailUrl\":\"https:\/\/www.encontraminasgerais.com.br\/ouro-preto\/wp-content\/uploads\/2026\/04\/tarcisio-defende-liberdade-ao-receber-medalha-em-ouro-preto.webp\",\"articleSection\":[\"Not\u00edcias Ouro Preto\"],\"inLanguage\":\"pt-BR\",\"potentialAction\":[{\"@type\":\"CommentAction\",\"name\":\"Comment\",\"target\":[\"https:\/\/www.encontraminasgerais.com.br\/ouro-preto\/tarcisio-defende-liberdade-ao-receber-medalha-em-ouro-preto\/#respond\"]}]},{\"@type\":\"WebPage\",\"@id\":\"https:\/\/www.encontraminasgerais.com.br\/ouro-preto\/tarcisio-defende-liberdade-ao-receber-medalha-em-ouro-preto\/\",\"url\":\"https:\/\/www.encontraminasgerais.com.br\/ouro-preto\/tarcisio-defende-liberdade-ao-receber-medalha-em-ouro-preto\/\",\"name\":\"Tarc\u00edsio defende liberdade ao receber medalha em Ouro Preto | Guia Comercial de Ouro Preto MG\",\"isPartOf\":{\"@id\":\"https:\/\/www.encontraminasgerais.com.br\/ouro-preto\/#website\"},\"primaryImageOfPage\":{\"@id\":\"https:\/\/www.encontraminasgerais.com.br\/ouro-preto\/tarcisio-defende-liberdade-ao-receber-medalha-em-ouro-preto\/#primaryimage\"},\"image\":{\"@id\":\"https:\/\/www.encontraminasgerais.com.br\/ouro-preto\/tarcisio-defende-liberdade-ao-receber-medalha-em-ouro-preto\/#primaryimage\"},\"thumbnailUrl\":\"https:\/\/www.encontraminasgerais.com.br\/ouro-preto\/wp-content\/uploads\/2026\/04\/tarcisio-defende-liberdade-ao-receber-medalha-em-ouro-preto.webp\",\"datePublished\":\"2026-04-27T09:38:50+00:00\",\"author\":{\"@id\":\"https:\/\/www.encontraminasgerais.com.br\/ouro-preto\/#\/schema\/person\/d55d0e79e38dd7d6474efd815b181c4d\"},\"inLanguage\":\"pt-BR\",\"potentialAction\":[{\"@type\":\"ReadAction\",\"target\":[\"https:\/\/www.encontraminasgerais.com.br\/ouro-preto\/tarcisio-defende-liberdade-ao-receber-medalha-em-ouro-preto\/\"]}]},{\"@type\":\"ImageObject\",\"inLanguage\":\"pt-BR\",\"@id\":\"https:\/\/www.encontraminasgerais.com.br\/ouro-preto\/tarcisio-defende-liberdade-ao-receber-medalha-em-ouro-preto\/#primaryimage\",\"url\":\"https:\/\/www.encontraminasgerais.com.br\/ouro-preto\/wp-content\/uploads\/2026\/04\/tarcisio-defende-liberdade-ao-receber-medalha-em-ouro-preto.webp\",\"contentUrl\":\"https:\/\/www.encontraminasgerais.com.br\/ouro-preto\/wp-content\/uploads\/2026\/04\/tarcisio-defende-liberdade-ao-receber-medalha-em-ouro-preto.webp\",\"width\":280,\"height\":280,\"caption\":\"liberdade\"},{\"@type\":\"WebSite\",\"@id\":\"https:\/\/www.encontraminasgerais.com.br\/ouro-preto\/#website\",\"url\":\"https:\/\/www.encontraminasgerais.com.br\/ouro-preto\/\",\"name\":\"Guia Comercial de Ouro Preto MG\",\"description\":\"O Encontra Ouro Preto \u00e9 o guia mais completo da cidade Ouro Preto com com\u00e9rcios, servi\u00e7os, noticias, jornal, hist\u00f3ria e lazer da cidade.\",\"potentialAction\":[{\"@type\":\"SearchAction\",\"target\":{\"@type\":\"EntryPoint\",\"urlTemplate\":\"https:\/\/www.encontraminasgerais.com.br\/ouro-preto\/?s={search_term_string}\"},\"query-input\":{\"@type\":\"PropertyValueSpecification\",\"valueRequired\":true,\"valueName\":\"search_term_string\"}}],\"inLanguage\":\"pt-BR\"},{\"@type\":\"Person\",\"@id\":\"https:\/\/www.encontraminasgerais.com.br\/ouro-preto\/#\/schema\/person\/d55d0e79e38dd7d6474efd815b181c4d\",\"name\":\"Encontra Ouro Preto\",\"image\":{\"@type\":\"ImageObject\",\"inLanguage\":\"pt-BR\",\"@id\":\"https:\/\/secure.gravatar.com\/avatar\/c50c17820bcf322f0a8fd6b110b8c0918141409dc69076470f6fca5fee70a5d4?s=96&d=mm&r=g\",\"url\":\"https:\/\/secure.gravatar.com\/avatar\/c50c17820bcf322f0a8fd6b110b8c0918141409dc69076470f6fca5fee70a5d4?s=96&d=mm&r=g\",\"contentUrl\":\"https:\/\/secure.gravatar.com\/avatar\/c50c17820bcf322f0a8fd6b110b8c0918141409dc69076470f6fca5fee70a5d4?s=96&d=mm&r=g\",\"caption\":\"Encontra Ouro Preto\"},\"url\":\"https:\/\/www.encontraminasgerais.com.br\/ouro-preto\/author\/encontraouropreto\/\"}]}<\/script>\n<!-- \/ Yoast SEO plugin. -->","yoast_head_json":{"title":"Tarc\u00edsio defende liberdade ao receber medalha em Ouro Preto | Guia Comercial de Ouro Preto MG","robots":{"index":"index","follow":"follow","max-snippet":"max-snippet:-1","max-image-preview":"max-image-preview:large","max-video-preview":"max-video-preview:-1"},"canonical":"https:\/\/www.encontraminasgerais.com.br\/ouro-preto\/tarcisio-defende-liberdade-ao-receber-medalha-em-ouro-preto\/","og_locale":"pt_BR","og_type":"article","og_title":"Tarc\u00edsio defende liberdade ao receber medalha em Ouro Preto | Guia Comercial de Ouro Preto MG","og_description":"Tarc\u00edsio destaca a liberdade ao receber medalha em Ouro Preto.","og_url":"https:\/\/www.encontraminasgerais.com.br\/ouro-preto\/tarcisio-defende-liberdade-ao-receber-medalha-em-ouro-preto\/","og_site_name":"Guia Comercial de Ouro Preto MG","article_published_time":"2026-04-27T09:38:50+00:00","og_image":[{"url":"https:\/\/www.encontraminasgerais.com.br\/ouro-preto\/wp-content\/uploads\/2026\/04\/tarcisio-defende-liberdade-ao-receber-medalha-em-ouro-preto.webp","type":"","width":"","height":""}],"author":"Encontra Ouro Preto","twitter_card":"summary_large_image","twitter_misc":{"Escrito por":"Encontra Ouro Preto","Est. tempo de leitura":"4 minutos"},"schema":{"@context":"https:\/\/schema.org","@graph":[{"@type":"Article","@id":"https:\/\/www.encontraminasgerais.com.br\/ouro-preto\/tarcisio-defende-liberdade-ao-receber-medalha-em-ouro-preto\/#article","isPartOf":{"@id":"https:\/\/www.encontraminasgerais.com.br\/ouro-preto\/tarcisio-defende-liberdade-ao-receber-medalha-em-ouro-preto\/"},"author":{"name":"Encontra Ouro Preto","@id":"https:\/\/www.encontraminasgerais.com.br\/ouro-preto\/#\/schema\/person\/d55d0e79e38dd7d6474efd815b181c4d"},"headline":"Tarc\u00edsio defende liberdade ao receber medalha em Ouro Preto","datePublished":"2026-04-27T09:38:50+00:00","mainEntityOfPage":{"@id":"https:\/\/www.encontraminasgerais.com.br\/ouro-preto\/tarcisio-defende-liberdade-ao-receber-medalha-em-ouro-preto\/"},"wordCount":808,"commentCount":0,"image":{"@id":"https:\/\/www.encontraminasgerais.com.br\/ouro-preto\/tarcisio-defende-liberdade-ao-receber-medalha-em-ouro-preto\/#primaryimage"},"thumbnailUrl":"https:\/\/www.encontraminasgerais.com.br\/ouro-preto\/wp-content\/uploads\/2026\/04\/tarcisio-defende-liberdade-ao-receber-medalha-em-ouro-preto.webp","articleSection":["Not\u00edcias Ouro Preto"],"inLanguage":"pt-BR","potentialAction":[{"@type":"CommentAction","name":"Comment","target":["https:\/\/www.encontraminasgerais.com.br\/ouro-preto\/tarcisio-defende-liberdade-ao-receber-medalha-em-ouro-preto\/#respond"]}]},{"@type":"WebPage","@id":"https:\/\/www.encontraminasgerais.com.br\/ouro-preto\/tarcisio-defende-liberdade-ao-receber-medalha-em-ouro-preto\/","url":"https:\/\/www.encontraminasgerais.com.br\/ouro-preto\/tarcisio-defende-liberdade-ao-receber-medalha-em-ouro-preto\/","name":"Tarc\u00edsio defende liberdade ao receber medalha em Ouro Preto | Guia Comercial de Ouro Preto MG","isPartOf":{"@id":"https:\/\/www.encontraminasgerais.com.br\/ouro-preto\/#website"},"primaryImageOfPage":{"@id":"https:\/\/www.encontraminasgerais.com.br\/ouro-preto\/tarcisio-defende-liberdade-ao-receber-medalha-em-ouro-preto\/#primaryimage"},"image":{"@id":"https:\/\/www.encontraminasgerais.com.br\/ouro-preto\/tarcisio-defende-liberdade-ao-receber-medalha-em-ouro-preto\/#primaryimage"},"thumbnailUrl":"https:\/\/www.encontraminasgerais.com.br\/ouro-preto\/wp-content\/uploads\/2026\/04\/tarcisio-defende-liberdade-ao-receber-medalha-em-ouro-preto.webp","datePublished":"2026-04-27T09:38:50+00:00","author":{"@id":"https:\/\/www.encontraminasgerais.com.br\/ouro-preto\/#\/schema\/person\/d55d0e79e38dd7d6474efd815b181c4d"},"inLanguage":"pt-BR","potentialAction":[{"@type":"ReadAction","target":["https:\/\/www.encontraminasgerais.com.br\/ouro-preto\/tarcisio-defende-liberdade-ao-receber-medalha-em-ouro-preto\/"]}]},{"@type":"ImageObject","inLanguage":"pt-BR","@id":"https:\/\/www.encontraminasgerais.com.br\/ouro-preto\/tarcisio-defende-liberdade-ao-receber-medalha-em-ouro-preto\/#primaryimage","url":"https:\/\/www.encontraminasgerais.com.br\/ouro-preto\/wp-content\/uploads\/2026\/04\/tarcisio-defende-liberdade-ao-receber-medalha-em-ouro-preto.webp","contentUrl":"https:\/\/www.encontraminasgerais.com.br\/ouro-preto\/wp-content\/uploads\/2026\/04\/tarcisio-defende-liberdade-ao-receber-medalha-em-ouro-preto.webp","width":280,"height":280,"caption":"liberdade"},{"@type":"WebSite","@id":"https:\/\/www.encontraminasgerais.com.br\/ouro-preto\/#website","url":"https:\/\/www.encontraminasgerais.com.br\/ouro-preto\/","name":"Guia Comercial de Ouro Preto MG","description":"O Encontra Ouro Preto \u00e9 o guia mais completo da cidade Ouro Preto com com\u00e9rcios, servi\u00e7os, noticias, jornal, hist\u00f3ria e lazer da cidade.","potentialAction":[{"@type":"SearchAction","target":{"@type":"EntryPoint","urlTemplate":"https:\/\/www.encontraminasgerais.com.br\/ouro-preto\/?s={search_term_string}"},"query-input":{"@type":"PropertyValueSpecification","valueRequired":true,"valueName":"search_term_string"}}],"inLanguage":"pt-BR"},{"@type":"Person","@id":"https:\/\/www.encontraminasgerais.com.br\/ouro-preto\/#\/schema\/person\/d55d0e79e38dd7d6474efd815b181c4d","name":"Encontra Ouro Preto","image":{"@type":"ImageObject","inLanguage":"pt-BR","@id":"https:\/\/secure.gravatar.com\/avatar\/c50c17820bcf322f0a8fd6b110b8c0918141409dc69076470f6fca5fee70a5d4?s=96&d=mm&r=g","url":"https:\/\/secure.gravatar.com\/avatar\/c50c17820bcf322f0a8fd6b110b8c0918141409dc69076470f6fca5fee70a5d4?s=96&d=mm&r=g","contentUrl":"https:\/\/secure.gravatar.com\/avatar\/c50c17820bcf322f0a8fd6b110b8c0918141409dc69076470f6fca5fee70a5d4?s=96&d=mm&r=g","caption":"Encontra Ouro Preto"},"url":"https:\/\/www.encontraminasgerais.com.br\/ouro-preto\/author\/encontraouropreto\/"}]}},"_links":{"self":[{"href":"https:\/\/www.encontraminasgerais.com.br\/ouro-preto\/wp-json\/wp\/v2\/posts\/4699","targetHints":{"allow":["GET"]}}],"collection":[{"href":"https:\/\/www.encontraminasgerais.com.br\/ouro-preto\/wp-json\/wp\/v2\/posts"}],"about":[{"href":"https:\/\/www.encontraminasgerais.com.br\/ouro-preto\/wp-json\/wp\/v2\/types\/post"}],"author":[{"embeddable":true,"href":"https:\/\/www.encontraminasgerais.com.br\/ouro-preto\/wp-json\/wp\/v2\/users\/1"}],"replies":[{"embeddable":true,"href":"https:\/\/www.encontraminasgerais.com.br\/ouro-preto\/wp-json\/wp\/v2\/comments?post=4699"}],"version-history":[{"count":0,"href":"https:\/\/www.encontraminasgerais.com.br\/ouro-preto\/wp-json\/wp\/v2\/posts\/4699\/revisions"}],"wp:featuredmedia":[{"embeddable":true,"href":"https:\/\/www.encontraminasgerais.com.br\/ouro-preto\/wp-json\/wp\/v2\/media\/4698"}],"wp:attachment":[{"href":"https:\/\/www.encontraminasgerais.com.br\/ouro-preto\/wp-json\/wp\/v2\/media?parent=4699"}],"wp:term":[{"taxonomy":"category","embeddable":true,"href":"https:\/\/www.encontraminasgerais.com.br\/ouro-preto\/wp-json\/wp\/v2\/categories?post=4699"},{"taxonomy":"post_tag","embeddable":true,"href":"https:\/\/www.encontraminasgerais.com.br\/ouro-preto\/wp-json\/wp\/v2\/tags?post=4699"}],"curies":[{"name":"wp","href":"https:\/\/api.w.org\/{rel}","templated":true}]}}