{"id":4701,"date":"2026-04-27T06:39:55","date_gmt":"2026-04-27T09:39:55","guid":{"rendered":"https:\/\/www.encontraminasgerais.com.br\/ouro-preto\/video-governador-de-mg-da-chilique-apos-criticas-de-prefeito-as-escolas-civico\/"},"modified":"2026-04-27T06:39:55","modified_gmt":"2026-04-27T09:39:55","slug":"video-governador-de-mg-da-chilique-apos-criticas-de-prefeito-as-escolas-civico","status":"publish","type":"post","link":"https:\/\/www.encontraminasgerais.com.br\/ouro-preto\/video-governador-de-mg-da-chilique-apos-criticas-de-prefeito-as-escolas-civico\/","title":{"rendered":"V\u00cdDEO: Governador de MG d\u00e1 chilique ap\u00f3s cr\u00edticas de prefeito \u00e0s escolas c\u00edvico"},"content":{"rendered":"<h2>O Contexto da Cerim\u00f4nia da Medalha da Inconfid\u00eancia<\/h2>\n<p>A cerim\u00f4nia em homenagem \u00e0 Medalha da Inconfid\u00eancia, realizada em 21 de abril de 2026, na cidade de Ouro Preto (MG), foi um evento que trouxe \u00e0 tona tens\u00f5es entre autoridades locais. Esta cerim\u00f4nia, que anualmente celebra a mem\u00f3ria de Tiradentes e os ideais da Inconfid\u00eancia Mineira, re\u00fane figuras importantes do governo estadual, representantes das for\u00e7as armadas e a sociedade civil. O ambiente deveria ser marcado por um esp\u00edrito de honra e reflex\u00e3o, mas, por raz\u00f5es pol\u00edticas, a ocasi\u00e3o tornou-se um espa\u00e7o de disputa de ideias.<\/p>\n<h2>Cr\u00edticas do Prefeito \u00e0s Escolas C\u00edvico-Militares<\/h2>\n<p>O discurso do prefeito de Ouro Preto, \u00c2ngelo Oswaldo (PV), causou um alvoro\u00e7o ao criticar abertamente o programa de escolas c\u00edvico-militares promovido pela administra\u00e7\u00e3o estadual. Ele argumentou que esse modelo n\u00e3o atende \u00e0s necessidades educacionais atuais e prop\u00f4s uma abordagem que chamou de &#8220;educa\u00e7\u00e3o c\u00edvico-militante&#8221;, enfatizando a import\u00e2ncia de valores democr\u00e1ticos e pensamento cr\u00edtico na forma\u00e7\u00e3o dos alunos. Ao evocar exemplos hist\u00f3ricos, como a Inconfid\u00eancia Mineira e figuras como Juscelino Kubitschek e Rui Barbosa, o prefeito buscou enfatizar a necessidade de uma educa\u00e7\u00e3o que priorize liberdade e reflex\u00e3o, em oposi\u00e7\u00e3o ao que classificou como uma abordagem excessivamente militarizada.<\/p>\n<h2>A Resposta do Governador Mateus Sim\u00f5es<\/h2>\n<p>Imediatamente ap\u00f3s o discurso do prefeito, o governador Mateus Sim\u00f5es (PSD) manifestou sua insatisfa\u00e7\u00e3o com as cr\u00edticas. Ele respondeu que o coment\u00e1rio do prefeito foi desrespeitoso, especialmente em rela\u00e7\u00e3o aos militares presentes no evento, afirmando que o respeito \u00e9 fundamental em Minas Gerais, especialmente em cerim\u00f4nias que envolvem visitantes e autoridades. Sua manifesta\u00e7\u00e3o indicou n\u00e3o apenas um desconforto com a cr\u00edtica, mas um posicionamento em defesa da pol\u00edtica estatal.<\/p>\n<p><img decoding=\"async\" src=\"https:\/\/www.encontraminasgerais.com.br\/ouro-preto\/wp-content\/uploads\/2026\/04\/video-governador-de-mg-da-chilique-apos-criticas-de-prefeito-as-escolas-civico.webp\" alt=\"governador de MG\" loading=\"lazy\" \/><\/p>\n<h2>Educa\u00e7\u00e3o C\u00edvico-Militar e suas Implica\u00e7\u00f5es<\/h2>\n<p>A proposta das escolas c\u00edvico-militares, presente no projeto de lei enviado pelo governo \u00e0 Assembleia Legislativa de Minas Gerais (ALMG), busca estabelecer um modelo que integre institui\u00e7\u00f5es militares com a rede p\u00fablica de ensino. A medida visa, segundo o governo, promover disciplina e respeito, com a gest\u00e3o pedag\u00f3gica permanecendo sob a supervis\u00e3o da Secretaria de Estado de Educa\u00e7\u00e3o. No entanto, essa iniciativa levanta debates sobre a real efic\u00e1cia de m\u00e9todos educacionais militares em um contexto que deve priorizar a forma\u00e7\u00e3o integral dos estudantes.<\/p>\n<h2>Rea\u00e7\u00f5es nas Redes Sociais<\/h2>\n<p>Ap\u00f3s o conturbado evento, \u00c2ngelo Oswaldo utilizou as redes sociais para rebater as cr\u00edticas do governador. Em sua postagem, ele descreveu a rea\u00e7\u00e3o de Sim\u00f5es como &#8220;grosseira, deseducada e desrespeitosa&#8221;, apontando que a resposta ignorou a presen\u00e7a dos militares no evento e reiterou sua posi\u00e7\u00e3o em defesa de uma educa\u00e7\u00e3o que siga princ\u00edpios pedag\u00f3gicos e democr\u00e1ticos. Esse desdobramento nas redes sociais reflete como a pol\u00edtica pode se intensificar na era digital, onde a comunica\u00e7\u00e3o imediata pode amplificar conflitos e posicionamentos.<\/p>\n<h2>O Papel dos Militares nas Pol\u00edticas Educacionais<\/h2>\n<p>A introdu\u00e7\u00e3o de elementos militares na educa\u00e7\u00e3o p\u00fablica \u00e9 um tema pol\u00eamico. A ret\u00f3rica em torno das escolas c\u00edvico-militares sugere que o envolvimento das for\u00e7as armadas pode trazer benef\u00edcios como disciplina e prepara\u00e7\u00e3o para a vida em sociedade. No entanto, cr\u00edticos argumentam que essa abordagem pode restringir a liberdade de pensamento e a criatividade das crian\u00e7as e jovens, essenciais para o desenvolvimento de cidad\u00e3os cr\u00edticos e aut\u00f4nomos.<\/p>\n<h2>Propostas Alternativas de Educa\u00e7\u00e3o<\/h2>\n<p>O discurso do prefeito n\u00e3o apenas criticou o modelo existente, mas tamb\u00e9m apresentou alternativas que visam modernizar a educa\u00e7\u00e3o na regi\u00e3o. Ao chamar de educa\u00e7\u00e3o &#8220;c\u00edvico-militante&#8221;, Oswaldo sugere um caminho que se concentra na cidadania ativa e na democracia. Isso aponta para uma necessidade cada vez mais premente de discutir as diretrizes educacionais do estado, buscando abordagens que fomentem a inclus\u00e3o, o respeito \u00e0 diversidade e a promo\u00e7\u00e3o de um ambiente de aprendizado baseado em valores \u00e9ticos.<\/p>\n<h2>Hist\u00f3ria e Educa\u00e7\u00e3o: Refer\u00eancias do Prefeito<\/h2>\n<p>A refer\u00eancia a figuras como Juscelino Kubitschek e Rui Barbosa demonstra a tentativa do prefeito de vincular sua proposta a um legado de transforma\u00e7\u00e3o e progresso no Brasil. Ambos s\u00e3o conhecidos por suas contribui\u00e7\u00f5es significativas ao desenvolvimento do pa\u00eds em diferentes \u00e1reas, incluindo a educa\u00e7\u00e3o, e refor\u00e7am a ideia de que a hist\u00f3ria pode servir como uma fonte de inspira\u00e7\u00e3o para formas contempor\u00e2neas de aprendizado e engajamento c\u00edvico.<\/p>\n<h2>As Escolas C\u00edvico-Militares em Debate<\/h2>\n<p>Os debates em torno das escolas c\u00edvico-militares t\u00eam ganhado for\u00e7a em diversos estados do Brasil. M\u00faltiplas opini\u00f5es sobre a efic\u00e1cia desse modelo educativo levam a uma reflex\u00e3o sobre os caminhos que a educa\u00e7\u00e3o deve seguir. Com os avan\u00e7os tecnol\u00f3gicos e as mudan\u00e7as sociais r\u00e1pidas, o sistema educacional enfrenta a press\u00e3o de se adaptar a novas demandas. Por isso, \u00e9 vital que a discuss\u00e3o sobre o papel das escolas c\u00edvico-militares seja debatida democraticamente, considerando as necessidades e aspira\u00e7\u00f5es dos alunos e da sociedade.<\/p>\n<h2>Impactos Pol\u00edticos do Conflito<\/h2>\n<p>O embate entre o governador e o prefeito n\u00e3o se trata apenas de uma diverg\u00eancia de opini\u00f5es sobre educa\u00e7\u00e3o; \u00e9 tamb\u00e9m um reflexo das disputas pol\u00edticas em Minas Gerais. A polariza\u00e7\u00e3o em torno de pol\u00edticas p\u00fablicas, especialmente na educa\u00e7\u00e3o, pode influenciar as rela\u00e7\u00f5es entre diferentes esferas de governo e suas capacidades de colabora\u00e7\u00e3o. O incidente destaca como quest\u00f5es educacionais podem rapidamente se tornar pe\u00e7as centrais em um jogo pol\u00edtico, afetando diretamente a consulta p\u00fablica e a confian\u00e7a dos cidad\u00e3os nas institui\u00e7\u00f5es.<\/p>\n","protected":false},"excerpt":{"rendered":"<p>Governador de MG em pol\u00eamica ap\u00f3s cr\u00edticas sobre escolas c\u00edvico-militares.<\/p>\n","protected":false},"author":1,"featured_media":4700,"comment_status":"open","ping_status":"open","sticky":false,"template":"","format":"standard","meta":{"footnotes":""},"categories":[5],"tags":[],"class_list":["post-4701","post","type-post","status-publish","format-standard","has-post-thumbnail","hentry","category-noticias","has_thumb"],"yoast_head":"<!-- This site is optimized with the Yoast SEO plugin v27.2 - https:\/\/yoast.com\/product\/yoast-seo-wordpress\/ -->\n<title>V\u00cdDEO: Governador de MG d\u00e1 chilique ap\u00f3s cr\u00edticas de prefeito \u00e0s escolas c\u00edvico | Guia Comercial de Ouro Preto MG<\/title>\n<meta name=\"robots\" content=\"index, follow, max-snippet:-1, max-image-preview:large, max-video-preview:-1\" \/>\n<link rel=\"canonical\" href=\"https:\/\/www.encontraminasgerais.com.br\/ouro-preto\/video-governador-de-mg-da-chilique-apos-criticas-de-prefeito-as-escolas-civico\/\" \/>\n<meta property=\"og:locale\" content=\"pt_BR\" \/>\n<meta property=\"og:type\" content=\"article\" \/>\n<meta property=\"og:title\" content=\"V\u00cdDEO: Governador de MG d\u00e1 chilique ap\u00f3s cr\u00edticas de prefeito \u00e0s escolas c\u00edvico | Guia Comercial de Ouro Preto MG\" \/>\n<meta property=\"og:description\" content=\"Governador de MG em pol\u00eamica ap\u00f3s cr\u00edticas sobre escolas c\u00edvico-militares.\" \/>\n<meta property=\"og:url\" content=\"https:\/\/www.encontraminasgerais.com.br\/ouro-preto\/video-governador-de-mg-da-chilique-apos-criticas-de-prefeito-as-escolas-civico\/\" \/>\n<meta property=\"og:site_name\" content=\"Guia Comercial de Ouro Preto MG\" \/>\n<meta property=\"article:published_time\" content=\"2026-04-27T09:39:55+00:00\" \/>\n<meta property=\"og:image\" content=\"https:\/\/www.encontraminasgerais.com.br\/ouro-preto\/wp-content\/uploads\/2026\/04\/video-governador-de-mg-da-chilique-apos-criticas-de-prefeito-as-escolas-civico.webp\" \/>\n<meta name=\"author\" content=\"Encontra Ouro Preto\" \/>\n<meta name=\"twitter:card\" content=\"summary_large_image\" \/>\n<meta name=\"twitter:label1\" content=\"Escrito por\" \/>\n\t<meta name=\"twitter:data1\" content=\"Encontra Ouro Preto\" \/>\n\t<meta name=\"twitter:label2\" content=\"Est. tempo de leitura\" \/>\n\t<meta name=\"twitter:data2\" content=\"5 minutos\" \/>\n<script type=\"application\/ld+json\" class=\"yoast-schema-graph\">{\"@context\":\"https:\/\/schema.org\",\"@graph\":[{\"@type\":\"Article\",\"@id\":\"https:\/\/www.encontraminasgerais.com.br\/ouro-preto\/video-governador-de-mg-da-chilique-apos-criticas-de-prefeito-as-escolas-civico\/#article\",\"isPartOf\":{\"@id\":\"https:\/\/www.encontraminasgerais.com.br\/ouro-preto\/video-governador-de-mg-da-chilique-apos-criticas-de-prefeito-as-escolas-civico\/\"},\"author\":{\"name\":\"Encontra Ouro Preto\",\"@id\":\"https:\/\/www.encontraminasgerais.com.br\/ouro-preto\/#\/schema\/person\/d55d0e79e38dd7d6474efd815b181c4d\"},\"headline\":\"V\u00cdDEO: Governador de MG d\u00e1 chilique ap\u00f3s cr\u00edticas de prefeito \u00e0s escolas c\u00edvico\",\"datePublished\":\"2026-04-27T09:39:55+00:00\",\"mainEntityOfPage\":{\"@id\":\"https:\/\/www.encontraminasgerais.com.br\/ouro-preto\/video-governador-de-mg-da-chilique-apos-criticas-de-prefeito-as-escolas-civico\/\"},\"wordCount\":1000,\"commentCount\":0,\"image\":{\"@id\":\"https:\/\/www.encontraminasgerais.com.br\/ouro-preto\/video-governador-de-mg-da-chilique-apos-criticas-de-prefeito-as-escolas-civico\/#primaryimage\"},\"thumbnailUrl\":\"https:\/\/www.encontraminasgerais.com.br\/ouro-preto\/wp-content\/uploads\/2026\/04\/video-governador-de-mg-da-chilique-apos-criticas-de-prefeito-as-escolas-civico.webp\",\"articleSection\":[\"Not\u00edcias Ouro Preto\"],\"inLanguage\":\"pt-BR\",\"potentialAction\":[{\"@type\":\"CommentAction\",\"name\":\"Comment\",\"target\":[\"https:\/\/www.encontraminasgerais.com.br\/ouro-preto\/video-governador-de-mg-da-chilique-apos-criticas-de-prefeito-as-escolas-civico\/#respond\"]}]},{\"@type\":\"WebPage\",\"@id\":\"https:\/\/www.encontraminasgerais.com.br\/ouro-preto\/video-governador-de-mg-da-chilique-apos-criticas-de-prefeito-as-escolas-civico\/\",\"url\":\"https:\/\/www.encontraminasgerais.com.br\/ouro-preto\/video-governador-de-mg-da-chilique-apos-criticas-de-prefeito-as-escolas-civico\/\",\"name\":\"V\u00cdDEO: Governador de MG d\u00e1 chilique ap\u00f3s cr\u00edticas de prefeito \u00e0s escolas c\u00edvico | Guia Comercial de Ouro Preto MG\",\"isPartOf\":{\"@id\":\"https:\/\/www.encontraminasgerais.com.br\/ouro-preto\/#website\"},\"primaryImageOfPage\":{\"@id\":\"https:\/\/www.encontraminasgerais.com.br\/ouro-preto\/video-governador-de-mg-da-chilique-apos-criticas-de-prefeito-as-escolas-civico\/#primaryimage\"},\"image\":{\"@id\":\"https:\/\/www.encontraminasgerais.com.br\/ouro-preto\/video-governador-de-mg-da-chilique-apos-criticas-de-prefeito-as-escolas-civico\/#primaryimage\"},\"thumbnailUrl\":\"https:\/\/www.encontraminasgerais.com.br\/ouro-preto\/wp-content\/uploads\/2026\/04\/video-governador-de-mg-da-chilique-apos-criticas-de-prefeito-as-escolas-civico.webp\",\"datePublished\":\"2026-04-27T09:39:55+00:00\",\"author\":{\"@id\":\"https:\/\/www.encontraminasgerais.com.br\/ouro-preto\/#\/schema\/person\/d55d0e79e38dd7d6474efd815b181c4d\"},\"inLanguage\":\"pt-BR\",\"potentialAction\":[{\"@type\":\"ReadAction\",\"target\":[\"https:\/\/www.encontraminasgerais.com.br\/ouro-preto\/video-governador-de-mg-da-chilique-apos-criticas-de-prefeito-as-escolas-civico\/\"]}]},{\"@type\":\"ImageObject\",\"inLanguage\":\"pt-BR\",\"@id\":\"https:\/\/www.encontraminasgerais.com.br\/ouro-preto\/video-governador-de-mg-da-chilique-apos-criticas-de-prefeito-as-escolas-civico\/#primaryimage\",\"url\":\"https:\/\/www.encontraminasgerais.com.br\/ouro-preto\/wp-content\/uploads\/2026\/04\/video-governador-de-mg-da-chilique-apos-criticas-de-prefeito-as-escolas-civico.webp\",\"contentUrl\":\"https:\/\/www.encontraminasgerais.com.br\/ouro-preto\/wp-content\/uploads\/2026\/04\/video-governador-de-mg-da-chilique-apos-criticas-de-prefeito-as-escolas-civico.webp\",\"width\":280,\"height\":280,\"caption\":\"governador de MG\"},{\"@type\":\"WebSite\",\"@id\":\"https:\/\/www.encontraminasgerais.com.br\/ouro-preto\/#website\",\"url\":\"https:\/\/www.encontraminasgerais.com.br\/ouro-preto\/\",\"name\":\"Guia Comercial de Ouro Preto MG\",\"description\":\"O Encontra Ouro Preto \u00e9 o guia mais completo da cidade Ouro Preto com com\u00e9rcios, servi\u00e7os, noticias, jornal, hist\u00f3ria e lazer da cidade.\",\"potentialAction\":[{\"@type\":\"SearchAction\",\"target\":{\"@type\":\"EntryPoint\",\"urlTemplate\":\"https:\/\/www.encontraminasgerais.com.br\/ouro-preto\/?s={search_term_string}\"},\"query-input\":{\"@type\":\"PropertyValueSpecification\",\"valueRequired\":true,\"valueName\":\"search_term_string\"}}],\"inLanguage\":\"pt-BR\"},{\"@type\":\"Person\",\"@id\":\"https:\/\/www.encontraminasgerais.com.br\/ouro-preto\/#\/schema\/person\/d55d0e79e38dd7d6474efd815b181c4d\",\"name\":\"Encontra Ouro Preto\",\"image\":{\"@type\":\"ImageObject\",\"inLanguage\":\"pt-BR\",\"@id\":\"https:\/\/secure.gravatar.com\/avatar\/c50c17820bcf322f0a8fd6b110b8c0918141409dc69076470f6fca5fee70a5d4?s=96&d=mm&r=g\",\"url\":\"https:\/\/secure.gravatar.com\/avatar\/c50c17820bcf322f0a8fd6b110b8c0918141409dc69076470f6fca5fee70a5d4?s=96&d=mm&r=g\",\"contentUrl\":\"https:\/\/secure.gravatar.com\/avatar\/c50c17820bcf322f0a8fd6b110b8c0918141409dc69076470f6fca5fee70a5d4?s=96&d=mm&r=g\",\"caption\":\"Encontra Ouro Preto\"},\"url\":\"https:\/\/www.encontraminasgerais.com.br\/ouro-preto\/author\/encontraouropreto\/\"}]}<\/script>\n<!-- \/ Yoast SEO plugin. -->","yoast_head_json":{"title":"V\u00cdDEO: Governador de MG d\u00e1 chilique ap\u00f3s cr\u00edticas de prefeito \u00e0s escolas c\u00edvico | Guia Comercial de Ouro Preto MG","robots":{"index":"index","follow":"follow","max-snippet":"max-snippet:-1","max-image-preview":"max-image-preview:large","max-video-preview":"max-video-preview:-1"},"canonical":"https:\/\/www.encontraminasgerais.com.br\/ouro-preto\/video-governador-de-mg-da-chilique-apos-criticas-de-prefeito-as-escolas-civico\/","og_locale":"pt_BR","og_type":"article","og_title":"V\u00cdDEO: Governador de MG d\u00e1 chilique ap\u00f3s cr\u00edticas de prefeito \u00e0s escolas c\u00edvico | Guia Comercial de Ouro Preto MG","og_description":"Governador de MG em pol\u00eamica ap\u00f3s cr\u00edticas sobre escolas c\u00edvico-militares.","og_url":"https:\/\/www.encontraminasgerais.com.br\/ouro-preto\/video-governador-de-mg-da-chilique-apos-criticas-de-prefeito-as-escolas-civico\/","og_site_name":"Guia Comercial de Ouro Preto MG","article_published_time":"2026-04-27T09:39:55+00:00","og_image":[{"url":"https:\/\/www.encontraminasgerais.com.br\/ouro-preto\/wp-content\/uploads\/2026\/04\/video-governador-de-mg-da-chilique-apos-criticas-de-prefeito-as-escolas-civico.webp","type":"","width":"","height":""}],"author":"Encontra Ouro Preto","twitter_card":"summary_large_image","twitter_misc":{"Escrito por":"Encontra Ouro Preto","Est. tempo de leitura":"5 minutos"},"schema":{"@context":"https:\/\/schema.org","@graph":[{"@type":"Article","@id":"https:\/\/www.encontraminasgerais.com.br\/ouro-preto\/video-governador-de-mg-da-chilique-apos-criticas-de-prefeito-as-escolas-civico\/#article","isPartOf":{"@id":"https:\/\/www.encontraminasgerais.com.br\/ouro-preto\/video-governador-de-mg-da-chilique-apos-criticas-de-prefeito-as-escolas-civico\/"},"author":{"name":"Encontra Ouro Preto","@id":"https:\/\/www.encontraminasgerais.com.br\/ouro-preto\/#\/schema\/person\/d55d0e79e38dd7d6474efd815b181c4d"},"headline":"V\u00cdDEO: Governador de MG d\u00e1 chilique ap\u00f3s cr\u00edticas de prefeito \u00e0s escolas c\u00edvico","datePublished":"2026-04-27T09:39:55+00:00","mainEntityOfPage":{"@id":"https:\/\/www.encontraminasgerais.com.br\/ouro-preto\/video-governador-de-mg-da-chilique-apos-criticas-de-prefeito-as-escolas-civico\/"},"wordCount":1000,"commentCount":0,"image":{"@id":"https:\/\/www.encontraminasgerais.com.br\/ouro-preto\/video-governador-de-mg-da-chilique-apos-criticas-de-prefeito-as-escolas-civico\/#primaryimage"},"thumbnailUrl":"https:\/\/www.encontraminasgerais.com.br\/ouro-preto\/wp-content\/uploads\/2026\/04\/video-governador-de-mg-da-chilique-apos-criticas-de-prefeito-as-escolas-civico.webp","articleSection":["Not\u00edcias Ouro Preto"],"inLanguage":"pt-BR","potentialAction":[{"@type":"CommentAction","name":"Comment","target":["https:\/\/www.encontraminasgerais.com.br\/ouro-preto\/video-governador-de-mg-da-chilique-apos-criticas-de-prefeito-as-escolas-civico\/#respond"]}]},{"@type":"WebPage","@id":"https:\/\/www.encontraminasgerais.com.br\/ouro-preto\/video-governador-de-mg-da-chilique-apos-criticas-de-prefeito-as-escolas-civico\/","url":"https:\/\/www.encontraminasgerais.com.br\/ouro-preto\/video-governador-de-mg-da-chilique-apos-criticas-de-prefeito-as-escolas-civico\/","name":"V\u00cdDEO: Governador de MG d\u00e1 chilique ap\u00f3s cr\u00edticas de prefeito \u00e0s escolas c\u00edvico | Guia Comercial de Ouro Preto MG","isPartOf":{"@id":"https:\/\/www.encontraminasgerais.com.br\/ouro-preto\/#website"},"primaryImageOfPage":{"@id":"https:\/\/www.encontraminasgerais.com.br\/ouro-preto\/video-governador-de-mg-da-chilique-apos-criticas-de-prefeito-as-escolas-civico\/#primaryimage"},"image":{"@id":"https:\/\/www.encontraminasgerais.com.br\/ouro-preto\/video-governador-de-mg-da-chilique-apos-criticas-de-prefeito-as-escolas-civico\/#primaryimage"},"thumbnailUrl":"https:\/\/www.encontraminasgerais.com.br\/ouro-preto\/wp-content\/uploads\/2026\/04\/video-governador-de-mg-da-chilique-apos-criticas-de-prefeito-as-escolas-civico.webp","datePublished":"2026-04-27T09:39:55+00:00","author":{"@id":"https:\/\/www.encontraminasgerais.com.br\/ouro-preto\/#\/schema\/person\/d55d0e79e38dd7d6474efd815b181c4d"},"inLanguage":"pt-BR","potentialAction":[{"@type":"ReadAction","target":["https:\/\/www.encontraminasgerais.com.br\/ouro-preto\/video-governador-de-mg-da-chilique-apos-criticas-de-prefeito-as-escolas-civico\/"]}]},{"@type":"ImageObject","inLanguage":"pt-BR","@id":"https:\/\/www.encontraminasgerais.com.br\/ouro-preto\/video-governador-de-mg-da-chilique-apos-criticas-de-prefeito-as-escolas-civico\/#primaryimage","url":"https:\/\/www.encontraminasgerais.com.br\/ouro-preto\/wp-content\/uploads\/2026\/04\/video-governador-de-mg-da-chilique-apos-criticas-de-prefeito-as-escolas-civico.webp","contentUrl":"https:\/\/www.encontraminasgerais.com.br\/ouro-preto\/wp-content\/uploads\/2026\/04\/video-governador-de-mg-da-chilique-apos-criticas-de-prefeito-as-escolas-civico.webp","width":280,"height":280,"caption":"governador de MG"},{"@type":"WebSite","@id":"https:\/\/www.encontraminasgerais.com.br\/ouro-preto\/#website","url":"https:\/\/www.encontraminasgerais.com.br\/ouro-preto\/","name":"Guia Comercial de Ouro Preto MG","description":"O Encontra Ouro Preto \u00e9 o guia mais completo da cidade Ouro Preto com com\u00e9rcios, servi\u00e7os, noticias, jornal, hist\u00f3ria e lazer da cidade.","potentialAction":[{"@type":"SearchAction","target":{"@type":"EntryPoint","urlTemplate":"https:\/\/www.encontraminasgerais.com.br\/ouro-preto\/?s={search_term_string}"},"query-input":{"@type":"PropertyValueSpecification","valueRequired":true,"valueName":"search_term_string"}}],"inLanguage":"pt-BR"},{"@type":"Person","@id":"https:\/\/www.encontraminasgerais.com.br\/ouro-preto\/#\/schema\/person\/d55d0e79e38dd7d6474efd815b181c4d","name":"Encontra Ouro Preto","image":{"@type":"ImageObject","inLanguage":"pt-BR","@id":"https:\/\/secure.gravatar.com\/avatar\/c50c17820bcf322f0a8fd6b110b8c0918141409dc69076470f6fca5fee70a5d4?s=96&d=mm&r=g","url":"https:\/\/secure.gravatar.com\/avatar\/c50c17820bcf322f0a8fd6b110b8c0918141409dc69076470f6fca5fee70a5d4?s=96&d=mm&r=g","contentUrl":"https:\/\/secure.gravatar.com\/avatar\/c50c17820bcf322f0a8fd6b110b8c0918141409dc69076470f6fca5fee70a5d4?s=96&d=mm&r=g","caption":"Encontra Ouro Preto"},"url":"https:\/\/www.encontraminasgerais.com.br\/ouro-preto\/author\/encontraouropreto\/"}]}},"_links":{"self":[{"href":"https:\/\/www.encontraminasgerais.com.br\/ouro-preto\/wp-json\/wp\/v2\/posts\/4701","targetHints":{"allow":["GET"]}}],"collection":[{"href":"https:\/\/www.encontraminasgerais.com.br\/ouro-preto\/wp-json\/wp\/v2\/posts"}],"about":[{"href":"https:\/\/www.encontraminasgerais.com.br\/ouro-preto\/wp-json\/wp\/v2\/types\/post"}],"author":[{"embeddable":true,"href":"https:\/\/www.encontraminasgerais.com.br\/ouro-preto\/wp-json\/wp\/v2\/users\/1"}],"replies":[{"embeddable":true,"href":"https:\/\/www.encontraminasgerais.com.br\/ouro-preto\/wp-json\/wp\/v2\/comments?post=4701"}],"version-history":[{"count":0,"href":"https:\/\/www.encontraminasgerais.com.br\/ouro-preto\/wp-json\/wp\/v2\/posts\/4701\/revisions"}],"wp:featuredmedia":[{"embeddable":true,"href":"https:\/\/www.encontraminasgerais.com.br\/ouro-preto\/wp-json\/wp\/v2\/media\/4700"}],"wp:attachment":[{"href":"https:\/\/www.encontraminasgerais.com.br\/ouro-preto\/wp-json\/wp\/v2\/media?parent=4701"}],"wp:term":[{"taxonomy":"category","embeddable":true,"href":"https:\/\/www.encontraminasgerais.com.br\/ouro-preto\/wp-json\/wp\/v2\/categories?post=4701"},{"taxonomy":"post_tag","embeddable":true,"href":"https:\/\/www.encontraminasgerais.com.br\/ouro-preto\/wp-json\/wp\/v2\/tags?post=4701"}],"curies":[{"name":"wp","href":"https:\/\/api.w.org\/{rel}","templated":true}]}}