{"id":4703,"date":"2026-04-27T06:41:39","date_gmt":"2026-04-27T09:41:39","guid":{"rendered":"https:\/\/www.encontraminasgerais.com.br\/ouro-preto\/governo-de-minas-se-reune-com-lideres-religiosos-em-ouro-preto\/"},"modified":"2026-04-27T06:41:39","modified_gmt":"2026-04-27T09:41:39","slug":"governo-de-minas-se-reune-com-lideres-religiosos-em-ouro-preto","status":"publish","type":"post","link":"https:\/\/www.encontraminasgerais.com.br\/ouro-preto\/governo-de-minas-se-reune-com-lideres-religiosos-em-ouro-preto\/","title":{"rendered":"Governo de Minas se re\u00fane com l\u00edderes religiosos em Ouro Preto"},"content":{"rendered":"<h2>O Papel das Lideran\u00e7as Religiosas nas Comunidades<\/h2>\n<p>As lideran\u00e7as religiosas frequentemente desempenham um papel vital nas comunidades, agindo como intermedi\u00e1rios entre os cidad\u00e3os e as autoridades governamentais. Com suas vozes respeitadas e a confian\u00e7a que despertam nas popula\u00e7\u00f5es, essas figuras s\u00e3o essenciais no fortalecimento da coes\u00e3o social e na promo\u00e7\u00e3o de um senso de pertencimento. Durante eventos como o recente encontro em Ouro Preto, fica claro o quanto essas intera\u00e7\u00f5es s\u00e3o importantes para facilitar a escuta necess\u00e1ria das demandas locais.<\/p>\n<h2>Compromissos do Governo com o Di\u00e1logo Social<\/h2>\n<p>O governo de Minas Gerais, sob a lideran\u00e7a de Mateus Sim\u00f5es, reafirma seu compromisso em dialogar abertamente com diversos setores da sociedade, incluindo as institui\u00e7\u00f5es religiosas. Essa abordagem visa estabelecer uma conex\u00e3o significativa com a popula\u00e7\u00e3o, garantindo que diferentes vozes sejam ouvidas e consideradas nas decis\u00f5es pol\u00edticas. O contato direto com as lideran\u00e7as religiosas, como discutido no encontro, simboliza uma abertura para construir um ambiente de colabora\u00e7\u00e3o.<\/p>\n<h2>Temas Abordados na Reuni\u00e3o com o Governador<\/h2>\n<p>Durante o encontro com os l\u00edderes da Primeira Igreja Batista Nacional, v\u00e1rios t\u00f3picos cruciais foram discutidos. As quest\u00f5es sociais, educativas e de sa\u00fade se destacaram nas conversas, onde foram abordadas sugest\u00f5es para melhorar as pol\u00edticas p\u00fablicas que atendem os anseios da popula\u00e7\u00e3o. A busca por solu\u00e7\u00f5es que se alinhem com as necessidades reais da comunidade \u00e9 um foco central nas intera\u00e7\u00f5es entre governo e institui\u00e7\u00f5es religiosas.<\/p>\n<p><img decoding=\"async\" src=\"https:\/\/www.encontraminasgerais.com.br\/ouro-preto\/wp-content\/uploads\/2026\/04\/governo-de-minas-se-reune-com-lideres-religiosos-em-ouro-preto.webp\" alt=\"Governo de Minas se re\u00fane com l\u00edderes religiosos em Ouro Preto\" loading=\"lazy\" \/><\/p>\n<h2>A Import\u00e2ncia do Caf\u00e9 da Manh\u00e3 com L\u00edderes Religiosos<\/h2>\n<p>O evento de caf\u00e9 da manh\u00e3 realizado por Mateus Sim\u00f5es com os l\u00edderes religiosos reflete uma estrat\u00e9gia de aproxima\u00e7\u00e3o e constru\u00e7\u00e3o de relacionamentos. Esse tipo de engajamento n\u00e3o apenas promove um espa\u00e7o para discuss\u00e3o, mas tamb\u00e9m humaniza as intera\u00e7\u00f5es, permitindo que as lideran\u00e7as se sintam valorizadas e ouviam suas opini\u00f5es. Esses momentos s\u00e3o essenciais para fomentar um di\u00e1logo aberto e produtivo.<\/p>\n<h2>Fortalecendo Pol\u00edticas P\u00fablicas com a Colabora\u00e7\u00e3o da Igreja<\/h2>\n<p>A colabora\u00e7\u00e3o entre governos e institui\u00e7\u00f5es religiosas \u00e9 frequentemente um catalisador para o desenvolvimento de pol\u00edticas p\u00fablicas mais eficientes. No encontro em Ouro Preto, ficou evidente como as autoridades est\u00e3o buscando o suporte das igrejas para implementar a\u00e7\u00f5es que impactem positivamente as comunidades. Essa parceria tem o potencial de ampliar o alcance de projetos sociais e trazer mudan\u00e7as significativas para a vida dos cidad\u00e3os.<\/p>\n<h2>O Programa &#8216;Governo Presente&#8217; em Destaque<\/h2>\n<p>O programa &#8216;Governo Presente&#8217; \u00e9 uma iniciativa que visa levar a\u00e7\u00f5es governamentais a todas as regi\u00f5es do estado. Durante o encontro, o governador destacou como essa iniciativa promove a distribui\u00e7\u00e3o equitativa de recursos e a prioriza\u00e7\u00e3o das necessidades locais, com \u00eanfase em sa\u00fade, educa\u00e7\u00e3o e infraestrutura. A presen\u00e7a do governo nas comunidades \u00e9 uma maneira de garantir que as pol\u00edticas sejam realmente direcionadas onde s\u00e3o mais necess\u00e1rias.<\/p>\n<h2>Expectativas das Comunidades para o Di\u00e1logo<\/h2>\n<p>As comunidades frequentemente almejam que seus l\u00edderes religiosos sirvam como defensores de suas necessidades e aspira\u00e7\u00f5es. O di\u00e1logo estabelecido entre o governo e as igrejas deve ser um mecanismo efetivo para transmitir essas expectativas, permitindo que as demandas sejam representadas de forma eficaz. A uni\u00e3o de esfor\u00e7os entre esses grupos n\u00e3o apenas fortalece a confian\u00e7a, mas tamb\u00e9m promove um ambiente de trabalho conjunto em prol do bem comum.<\/p>\n<h2>Como a Religi\u00e3o Influencia as A\u00e7\u00f5es do Governo<\/h2>\n<p>A rela\u00e7\u00e3o entre religi\u00e3o e pol\u00edticas p\u00fablicas \u00e9 complexa, mas inegavelmente impactante. As cren\u00e7as e valores promovidos pelas lideran\u00e7as religiosas podem influenciar as prioridades do governo na hora de elaborar e implementar pol\u00edticas. Ao se reunir com l\u00edderes religiosos, o governo n\u00e3o apenas escuta as quest\u00f5es levantadas, mas tamb\u00e9m considera a vis\u00e3o mais ampla que esses l\u00edderes podem proporcionar sobre as realidades enfrentadas pela popula\u00e7\u00e3o.<\/p>\n<h2>O Futuro do Relacionamento entre Governo e Igrejas<\/h2>\n<p>Com a crescente import\u00e2ncia das intera\u00e7\u00f5es entre l\u00edderes religiosos e governo, espera-se que esse relacionamento continue a se expandir. A tend\u00eancia seria para um envolvimento maior e mais ativo em quest\u00f5es sociais, utilizando a sinergia entre os dois setores para abordar problematicas cruciais. Esse fortalecimento pode resultar em uma abordagem mais hol\u00edstica para atender \u00e0s necessidades das comunidades.<\/p>\n<h2>A Relev\u00e2ncia da Escuta Ativa nas Pol\u00edticas P\u00fablicas<\/h2>\n<p>A escuta ativa emerge como um elemento central nas pol\u00edticas p\u00fablicas eficazes. Quando o governo se compromete a ouvir as comunidades, refletidos atrav\u00e9s de di\u00e1logos com l\u00edderes religiosos, ele est\u00e1, na verdade, garantindo que as solu\u00e7\u00f5es propostas sejam fundamentadas na realidade vivida pelas pessoas. A chave do sucesso neste processo \u00e9 a disposi\u00e7\u00e3o em adaptar as estrat\u00e9gias governamentais baseada naquilo que as comunidades realmente precisam.<\/p>\n<p>Em conclus\u00e3o, a reuni\u00e3o do governador Mateus Sim\u00f5es com l\u00edderes da Primeira Igreja Batista Nacional em Ouro Preto ilustra a inten\u00e7\u00e3o do governo em estabelecer um di\u00e1logo construtivo com as comunidades. Esse relacionamento, baseado na confian\u00e7a e na colabora\u00e7\u00e3o, pode resultar em a\u00e7\u00f5es mais eficazes e na promo\u00e7\u00e3o de um sentido de pertencimento e inclus\u00e3o. Ao fortalecer esses v\u00ednculos, tanto o governo quanto as institui\u00e7\u00f5es religiosas t\u00eam a oportunidade de gerar um impacto positivo e significativo na vida das pessoas que representam.<\/p>\n","protected":false},"excerpt":{"rendered":"<p>Governo de Minas realiza encontro com l\u00edderes religiosos em Ouro Preto.<\/p>\n","protected":false},"author":1,"featured_media":4702,"comment_status":"open","ping_status":"open","sticky":false,"template":"","format":"standard","meta":{"footnotes":""},"categories":[5],"tags":[],"class_list":["post-4703","post","type-post","status-publish","format-standard","has-post-thumbnail","hentry","category-noticias","has_thumb"],"yoast_head":"<!-- This site is optimized with the Yoast SEO plugin v27.2 - https:\/\/yoast.com\/product\/yoast-seo-wordpress\/ -->\n<title>Governo de Minas se re\u00fane com l\u00edderes religiosos em Ouro Preto | Guia Comercial de Ouro Preto MG<\/title>\n<meta name=\"robots\" content=\"index, follow, max-snippet:-1, max-image-preview:large, max-video-preview:-1\" \/>\n<link rel=\"canonical\" href=\"https:\/\/www.encontraminasgerais.com.br\/ouro-preto\/governo-de-minas-se-reune-com-lideres-religiosos-em-ouro-preto\/\" \/>\n<meta property=\"og:locale\" content=\"pt_BR\" \/>\n<meta property=\"og:type\" content=\"article\" \/>\n<meta property=\"og:title\" content=\"Governo de Minas se re\u00fane com l\u00edderes religiosos em Ouro Preto | Guia Comercial de Ouro Preto MG\" \/>\n<meta property=\"og:description\" content=\"Governo de Minas realiza encontro com l\u00edderes religiosos em Ouro Preto.\" \/>\n<meta property=\"og:url\" content=\"https:\/\/www.encontraminasgerais.com.br\/ouro-preto\/governo-de-minas-se-reune-com-lideres-religiosos-em-ouro-preto\/\" \/>\n<meta property=\"og:site_name\" content=\"Guia Comercial de Ouro Preto MG\" \/>\n<meta property=\"article:published_time\" content=\"2026-04-27T09:41:39+00:00\" \/>\n<meta property=\"og:image\" content=\"https:\/\/www.encontraminasgerais.com.br\/ouro-preto\/wp-content\/uploads\/2026\/04\/governo-de-minas-se-reune-com-lideres-religiosos-em-ouro-preto.webp\" \/>\n<meta name=\"author\" content=\"Encontra Ouro Preto\" \/>\n<meta name=\"twitter:card\" content=\"summary_large_image\" \/>\n<meta name=\"twitter:label1\" content=\"Escrito por\" \/>\n\t<meta name=\"twitter:data1\" content=\"Encontra Ouro Preto\" \/>\n\t<meta name=\"twitter:label2\" content=\"Est. tempo de leitura\" \/>\n\t<meta name=\"twitter:data2\" content=\"5 minutos\" \/>\n<script type=\"application\/ld+json\" class=\"yoast-schema-graph\">{\"@context\":\"https:\/\/schema.org\",\"@graph\":[{\"@type\":\"Article\",\"@id\":\"https:\/\/www.encontraminasgerais.com.br\/ouro-preto\/governo-de-minas-se-reune-com-lideres-religiosos-em-ouro-preto\/#article\",\"isPartOf\":{\"@id\":\"https:\/\/www.encontraminasgerais.com.br\/ouro-preto\/governo-de-minas-se-reune-com-lideres-religiosos-em-ouro-preto\/\"},\"author\":{\"name\":\"Encontra Ouro Preto\",\"@id\":\"https:\/\/www.encontraminasgerais.com.br\/ouro-preto\/#\/schema\/person\/d55d0e79e38dd7d6474efd815b181c4d\"},\"headline\":\"Governo de Minas se re\u00fane com l\u00edderes religiosos em Ouro Preto\",\"datePublished\":\"2026-04-27T09:41:39+00:00\",\"mainEntityOfPage\":{\"@id\":\"https:\/\/www.encontraminasgerais.com.br\/ouro-preto\/governo-de-minas-se-reune-com-lideres-religiosos-em-ouro-preto\/\"},\"wordCount\":945,\"commentCount\":0,\"image\":{\"@id\":\"https:\/\/www.encontraminasgerais.com.br\/ouro-preto\/governo-de-minas-se-reune-com-lideres-religiosos-em-ouro-preto\/#primaryimage\"},\"thumbnailUrl\":\"https:\/\/www.encontraminasgerais.com.br\/ouro-preto\/wp-content\/uploads\/2026\/04\/governo-de-minas-se-reune-com-lideres-religiosos-em-ouro-preto.webp\",\"articleSection\":[\"Not\u00edcias Ouro Preto\"],\"inLanguage\":\"pt-BR\",\"potentialAction\":[{\"@type\":\"CommentAction\",\"name\":\"Comment\",\"target\":[\"https:\/\/www.encontraminasgerais.com.br\/ouro-preto\/governo-de-minas-se-reune-com-lideres-religiosos-em-ouro-preto\/#respond\"]}]},{\"@type\":\"WebPage\",\"@id\":\"https:\/\/www.encontraminasgerais.com.br\/ouro-preto\/governo-de-minas-se-reune-com-lideres-religiosos-em-ouro-preto\/\",\"url\":\"https:\/\/www.encontraminasgerais.com.br\/ouro-preto\/governo-de-minas-se-reune-com-lideres-religiosos-em-ouro-preto\/\",\"name\":\"Governo de Minas se re\u00fane com l\u00edderes religiosos em Ouro Preto | Guia Comercial de Ouro Preto MG\",\"isPartOf\":{\"@id\":\"https:\/\/www.encontraminasgerais.com.br\/ouro-preto\/#website\"},\"primaryImageOfPage\":{\"@id\":\"https:\/\/www.encontraminasgerais.com.br\/ouro-preto\/governo-de-minas-se-reune-com-lideres-religiosos-em-ouro-preto\/#primaryimage\"},\"image\":{\"@id\":\"https:\/\/www.encontraminasgerais.com.br\/ouro-preto\/governo-de-minas-se-reune-com-lideres-religiosos-em-ouro-preto\/#primaryimage\"},\"thumbnailUrl\":\"https:\/\/www.encontraminasgerais.com.br\/ouro-preto\/wp-content\/uploads\/2026\/04\/governo-de-minas-se-reune-com-lideres-religiosos-em-ouro-preto.webp\",\"datePublished\":\"2026-04-27T09:41:39+00:00\",\"author\":{\"@id\":\"https:\/\/www.encontraminasgerais.com.br\/ouro-preto\/#\/schema\/person\/d55d0e79e38dd7d6474efd815b181c4d\"},\"inLanguage\":\"pt-BR\",\"potentialAction\":[{\"@type\":\"ReadAction\",\"target\":[\"https:\/\/www.encontraminasgerais.com.br\/ouro-preto\/governo-de-minas-se-reune-com-lideres-religiosos-em-ouro-preto\/\"]}]},{\"@type\":\"ImageObject\",\"inLanguage\":\"pt-BR\",\"@id\":\"https:\/\/www.encontraminasgerais.com.br\/ouro-preto\/governo-de-minas-se-reune-com-lideres-religiosos-em-ouro-preto\/#primaryimage\",\"url\":\"https:\/\/www.encontraminasgerais.com.br\/ouro-preto\/wp-content\/uploads\/2026\/04\/governo-de-minas-se-reune-com-lideres-religiosos-em-ouro-preto.webp\",\"contentUrl\":\"https:\/\/www.encontraminasgerais.com.br\/ouro-preto\/wp-content\/uploads\/2026\/04\/governo-de-minas-se-reune-com-lideres-religiosos-em-ouro-preto.webp\",\"width\":280,\"height\":280,\"caption\":\"Governo de Minas se re\u00fane com l\u00edderes religiosos em Ouro Preto\"},{\"@type\":\"WebSite\",\"@id\":\"https:\/\/www.encontraminasgerais.com.br\/ouro-preto\/#website\",\"url\":\"https:\/\/www.encontraminasgerais.com.br\/ouro-preto\/\",\"name\":\"Guia Comercial de Ouro Preto MG\",\"description\":\"O Encontra Ouro Preto \u00e9 o guia mais completo da cidade Ouro Preto com com\u00e9rcios, servi\u00e7os, noticias, jornal, hist\u00f3ria e lazer da cidade.\",\"potentialAction\":[{\"@type\":\"SearchAction\",\"target\":{\"@type\":\"EntryPoint\",\"urlTemplate\":\"https:\/\/www.encontraminasgerais.com.br\/ouro-preto\/?s={search_term_string}\"},\"query-input\":{\"@type\":\"PropertyValueSpecification\",\"valueRequired\":true,\"valueName\":\"search_term_string\"}}],\"inLanguage\":\"pt-BR\"},{\"@type\":\"Person\",\"@id\":\"https:\/\/www.encontraminasgerais.com.br\/ouro-preto\/#\/schema\/person\/d55d0e79e38dd7d6474efd815b181c4d\",\"name\":\"Encontra Ouro Preto\",\"image\":{\"@type\":\"ImageObject\",\"inLanguage\":\"pt-BR\",\"@id\":\"https:\/\/secure.gravatar.com\/avatar\/c50c17820bcf322f0a8fd6b110b8c0918141409dc69076470f6fca5fee70a5d4?s=96&d=mm&r=g\",\"url\":\"https:\/\/secure.gravatar.com\/avatar\/c50c17820bcf322f0a8fd6b110b8c0918141409dc69076470f6fca5fee70a5d4?s=96&d=mm&r=g\",\"contentUrl\":\"https:\/\/secure.gravatar.com\/avatar\/c50c17820bcf322f0a8fd6b110b8c0918141409dc69076470f6fca5fee70a5d4?s=96&d=mm&r=g\",\"caption\":\"Encontra Ouro Preto\"},\"url\":\"https:\/\/www.encontraminasgerais.com.br\/ouro-preto\/author\/encontraouropreto\/\"}]}<\/script>\n<!-- \/ Yoast SEO plugin. -->","yoast_head_json":{"title":"Governo de Minas se re\u00fane com l\u00edderes religiosos em Ouro Preto | Guia Comercial de Ouro Preto MG","robots":{"index":"index","follow":"follow","max-snippet":"max-snippet:-1","max-image-preview":"max-image-preview:large","max-video-preview":"max-video-preview:-1"},"canonical":"https:\/\/www.encontraminasgerais.com.br\/ouro-preto\/governo-de-minas-se-reune-com-lideres-religiosos-em-ouro-preto\/","og_locale":"pt_BR","og_type":"article","og_title":"Governo de Minas se re\u00fane com l\u00edderes religiosos em Ouro Preto | Guia Comercial de Ouro Preto MG","og_description":"Governo de Minas realiza encontro com l\u00edderes religiosos em Ouro Preto.","og_url":"https:\/\/www.encontraminasgerais.com.br\/ouro-preto\/governo-de-minas-se-reune-com-lideres-religiosos-em-ouro-preto\/","og_site_name":"Guia Comercial de Ouro Preto MG","article_published_time":"2026-04-27T09:41:39+00:00","og_image":[{"url":"https:\/\/www.encontraminasgerais.com.br\/ouro-preto\/wp-content\/uploads\/2026\/04\/governo-de-minas-se-reune-com-lideres-religiosos-em-ouro-preto.webp","type":"","width":"","height":""}],"author":"Encontra Ouro Preto","twitter_card":"summary_large_image","twitter_misc":{"Escrito por":"Encontra Ouro Preto","Est. tempo de leitura":"5 minutos"},"schema":{"@context":"https:\/\/schema.org","@graph":[{"@type":"Article","@id":"https:\/\/www.encontraminasgerais.com.br\/ouro-preto\/governo-de-minas-se-reune-com-lideres-religiosos-em-ouro-preto\/#article","isPartOf":{"@id":"https:\/\/www.encontraminasgerais.com.br\/ouro-preto\/governo-de-minas-se-reune-com-lideres-religiosos-em-ouro-preto\/"},"author":{"name":"Encontra Ouro Preto","@id":"https:\/\/www.encontraminasgerais.com.br\/ouro-preto\/#\/schema\/person\/d55d0e79e38dd7d6474efd815b181c4d"},"headline":"Governo de Minas se re\u00fane com l\u00edderes religiosos em Ouro Preto","datePublished":"2026-04-27T09:41:39+00:00","mainEntityOfPage":{"@id":"https:\/\/www.encontraminasgerais.com.br\/ouro-preto\/governo-de-minas-se-reune-com-lideres-religiosos-em-ouro-preto\/"},"wordCount":945,"commentCount":0,"image":{"@id":"https:\/\/www.encontraminasgerais.com.br\/ouro-preto\/governo-de-minas-se-reune-com-lideres-religiosos-em-ouro-preto\/#primaryimage"},"thumbnailUrl":"https:\/\/www.encontraminasgerais.com.br\/ouro-preto\/wp-content\/uploads\/2026\/04\/governo-de-minas-se-reune-com-lideres-religiosos-em-ouro-preto.webp","articleSection":["Not\u00edcias Ouro Preto"],"inLanguage":"pt-BR","potentialAction":[{"@type":"CommentAction","name":"Comment","target":["https:\/\/www.encontraminasgerais.com.br\/ouro-preto\/governo-de-minas-se-reune-com-lideres-religiosos-em-ouro-preto\/#respond"]}]},{"@type":"WebPage","@id":"https:\/\/www.encontraminasgerais.com.br\/ouro-preto\/governo-de-minas-se-reune-com-lideres-religiosos-em-ouro-preto\/","url":"https:\/\/www.encontraminasgerais.com.br\/ouro-preto\/governo-de-minas-se-reune-com-lideres-religiosos-em-ouro-preto\/","name":"Governo de Minas se re\u00fane com l\u00edderes religiosos em Ouro Preto | Guia Comercial de Ouro Preto MG","isPartOf":{"@id":"https:\/\/www.encontraminasgerais.com.br\/ouro-preto\/#website"},"primaryImageOfPage":{"@id":"https:\/\/www.encontraminasgerais.com.br\/ouro-preto\/governo-de-minas-se-reune-com-lideres-religiosos-em-ouro-preto\/#primaryimage"},"image":{"@id":"https:\/\/www.encontraminasgerais.com.br\/ouro-preto\/governo-de-minas-se-reune-com-lideres-religiosos-em-ouro-preto\/#primaryimage"},"thumbnailUrl":"https:\/\/www.encontraminasgerais.com.br\/ouro-preto\/wp-content\/uploads\/2026\/04\/governo-de-minas-se-reune-com-lideres-religiosos-em-ouro-preto.webp","datePublished":"2026-04-27T09:41:39+00:00","author":{"@id":"https:\/\/www.encontraminasgerais.com.br\/ouro-preto\/#\/schema\/person\/d55d0e79e38dd7d6474efd815b181c4d"},"inLanguage":"pt-BR","potentialAction":[{"@type":"ReadAction","target":["https:\/\/www.encontraminasgerais.com.br\/ouro-preto\/governo-de-minas-se-reune-com-lideres-religiosos-em-ouro-preto\/"]}]},{"@type":"ImageObject","inLanguage":"pt-BR","@id":"https:\/\/www.encontraminasgerais.com.br\/ouro-preto\/governo-de-minas-se-reune-com-lideres-religiosos-em-ouro-preto\/#primaryimage","url":"https:\/\/www.encontraminasgerais.com.br\/ouro-preto\/wp-content\/uploads\/2026\/04\/governo-de-minas-se-reune-com-lideres-religiosos-em-ouro-preto.webp","contentUrl":"https:\/\/www.encontraminasgerais.com.br\/ouro-preto\/wp-content\/uploads\/2026\/04\/governo-de-minas-se-reune-com-lideres-religiosos-em-ouro-preto.webp","width":280,"height":280,"caption":"Governo de Minas se re\u00fane com l\u00edderes religiosos em Ouro Preto"},{"@type":"WebSite","@id":"https:\/\/www.encontraminasgerais.com.br\/ouro-preto\/#website","url":"https:\/\/www.encontraminasgerais.com.br\/ouro-preto\/","name":"Guia Comercial de Ouro Preto MG","description":"O Encontra Ouro Preto \u00e9 o guia mais completo da cidade Ouro Preto com com\u00e9rcios, servi\u00e7os, noticias, jornal, hist\u00f3ria e lazer da cidade.","potentialAction":[{"@type":"SearchAction","target":{"@type":"EntryPoint","urlTemplate":"https:\/\/www.encontraminasgerais.com.br\/ouro-preto\/?s={search_term_string}"},"query-input":{"@type":"PropertyValueSpecification","valueRequired":true,"valueName":"search_term_string"}}],"inLanguage":"pt-BR"},{"@type":"Person","@id":"https:\/\/www.encontraminasgerais.com.br\/ouro-preto\/#\/schema\/person\/d55d0e79e38dd7d6474efd815b181c4d","name":"Encontra Ouro Preto","image":{"@type":"ImageObject","inLanguage":"pt-BR","@id":"https:\/\/secure.gravatar.com\/avatar\/c50c17820bcf322f0a8fd6b110b8c0918141409dc69076470f6fca5fee70a5d4?s=96&d=mm&r=g","url":"https:\/\/secure.gravatar.com\/avatar\/c50c17820bcf322f0a8fd6b110b8c0918141409dc69076470f6fca5fee70a5d4?s=96&d=mm&r=g","contentUrl":"https:\/\/secure.gravatar.com\/avatar\/c50c17820bcf322f0a8fd6b110b8c0918141409dc69076470f6fca5fee70a5d4?s=96&d=mm&r=g","caption":"Encontra Ouro Preto"},"url":"https:\/\/www.encontraminasgerais.com.br\/ouro-preto\/author\/encontraouropreto\/"}]}},"_links":{"self":[{"href":"https:\/\/www.encontraminasgerais.com.br\/ouro-preto\/wp-json\/wp\/v2\/posts\/4703","targetHints":{"allow":["GET"]}}],"collection":[{"href":"https:\/\/www.encontraminasgerais.com.br\/ouro-preto\/wp-json\/wp\/v2\/posts"}],"about":[{"href":"https:\/\/www.encontraminasgerais.com.br\/ouro-preto\/wp-json\/wp\/v2\/types\/post"}],"author":[{"embeddable":true,"href":"https:\/\/www.encontraminasgerais.com.br\/ouro-preto\/wp-json\/wp\/v2\/users\/1"}],"replies":[{"embeddable":true,"href":"https:\/\/www.encontraminasgerais.com.br\/ouro-preto\/wp-json\/wp\/v2\/comments?post=4703"}],"version-history":[{"count":0,"href":"https:\/\/www.encontraminasgerais.com.br\/ouro-preto\/wp-json\/wp\/v2\/posts\/4703\/revisions"}],"wp:featuredmedia":[{"embeddable":true,"href":"https:\/\/www.encontraminasgerais.com.br\/ouro-preto\/wp-json\/wp\/v2\/media\/4702"}],"wp:attachment":[{"href":"https:\/\/www.encontraminasgerais.com.br\/ouro-preto\/wp-json\/wp\/v2\/media?parent=4703"}],"wp:term":[{"taxonomy":"category","embeddable":true,"href":"https:\/\/www.encontraminasgerais.com.br\/ouro-preto\/wp-json\/wp\/v2\/categories?post=4703"},{"taxonomy":"post_tag","embeddable":true,"href":"https:\/\/www.encontraminasgerais.com.br\/ouro-preto\/wp-json\/wp\/v2\/tags?post=4703"}],"curies":[{"name":"wp","href":"https:\/\/api.w.org\/{rel}","templated":true}]}}