{"id":4717,"date":"2026-04-30T06:41:25","date_gmt":"2026-04-30T09:41:25","guid":{"rendered":"https:\/\/www.encontraminasgerais.com.br\/ouro-preto\/ouro-preto-se-consolida-como-polo-literario-durante-semana-estadual-de-incentivo-a-leitura\/"},"modified":"2026-04-30T06:41:25","modified_gmt":"2026-04-30T09:41:25","slug":"ouro-preto-se-consolida-como-polo-literario-durante-semana-estadual-de-incentivo-a-leitura","status":"publish","type":"post","link":"https:\/\/www.encontraminasgerais.com.br\/ouro-preto\/ouro-preto-se-consolida-como-polo-literario-durante-semana-estadual-de-incentivo-a-leitura\/","title":{"rendered":"Ouro Preto se consolida como polo liter\u00e1rio durante Semana Estadual de Incentivo \u00e0 Leitura"},"content":{"rendered":"<h2>Ouro Preto e sua tradi\u00e7\u00e3o liter\u00e1ria<\/h2>\n<p>A cidade de Ouro Preto, reconhecida por sua rica hist\u00f3ria e arquitetura colonial, tem se afirmado como um importante centro liter\u00e1rio em Minas Gerais. A combina\u00e7\u00e3o de seu patrim\u00f4nio cultural com eventos voltados para a literatura tem atra\u00eddo a aten\u00e7\u00e3o n\u00e3o apenas de moradores, mas tamb\u00e9m de visitantes e estudantes de diversas regi\u00f5es.<\/p>\n<h2>A import\u00e2ncia da Semana Estadual de Incentivo \u00e0 Leitura<\/h2>\n<p>Recentemente, entre os dias 22 e 24 de abril, Ouro Preto foi o cen\u00e1rio ideal para a realiza\u00e7\u00e3o da Semana Estadual de Incentivo \u00e0 Leitura. Essa iniciativa, promovida pela Secretaria de Estado de Cultura e Turismo (Secult), teve como objetivo principal estimular a leitura, escrita e o senso de pertencimento entre os alunos. O tema &#8220;Ler, escrever e pertencer&#8221; foi escolhido para engajar os jovens em uma reflex\u00e3o sobre a import\u00e2ncia da literatura em suas vidas e na sociedade.<\/p>\n<h2>Atividades desenvolvidas durante a semana<\/h2>\n<p>O evento contou com uma programa\u00e7\u00e3o diversificada, incluindo oficinas, palestras e lan\u00e7amentos de livros, com atua\u00e7\u00e3o voltada especialmente para estudantes de escolas p\u00fablicas. Essa programa\u00e7\u00e3o foi cuidadosamente planejada para promover o desenvolvimento da criatividade e a forma\u00e7\u00e3o cidad\u00e3 dos jovens participantes.<\/p>\n<p><img decoding=\"async\" src=\"https:\/\/www.encontraminasgerais.com.br\/ouro-preto\/wp-content\/uploads\/2026\/04\/ouro-preto-se-consolida-como-polo-literario-durante-semana-estadual-de-incentivo-a-leitura.webp\" alt=\"Ouro Preto como polo liter\u00e1rio\" loading=\"lazy\" \/><\/p>\n<h2>A Oficina do Gato Preto e a escrita criativa<\/h2>\n<p>Uma das atividades mais not\u00e1veis foi a &#8220;Oficina do Gato Preto&#8221;, liderada pela escritora Brisa Coelho. Esta oficina teve como foco a escrita criativa e acolheu alunos do 5\u00ba ao 9\u00ba ano do ensino fundamental. Durante os tr\u00eas dias do evento, 372 estudantes de diversas institui\u00e7\u00f5es de ensino se dedicaram a explorar suas habilidades liter\u00e1rias, compartilhando experi\u00eancias e criatividades. Cada participante recebeu um caderno exclusivo, confeccionado para ser um suporte pedag\u00f3gico e um registro do processo criativo.<\/p>\n<h2>Lan\u00e7amento do livro Saci Noel<\/h2>\n<p>Outro momento marcante foi o lan\u00e7amento da obra &#8220;Saci Noel&#8221;, escrita por Magella Moreira. Este evento n\u00e3o apenas apresentou a nova literatura infantil, mas tamb\u00e9m teve um impacto social relevante, com a doa\u00e7\u00e3o de aproximadamente 2 mil c\u00f3pias do livro para escolas p\u00fablicas. Esses exemplares ser\u00e3o distribu\u00eddos durante o Natal Liter\u00e1rio de 2026, consolidando ainda mais a iniciativa como uma a\u00e7\u00e3o de fomento \u00e0 leitura nas escolas.<\/p>\n<h2>Distribui\u00e7\u00e3o de cadernos pedag\u00f3gicos<\/h2>\n<p>A entrega de cadernos pedag\u00f3gicos personalizados foi uma estrat\u00e9gia fundamental para refor\u00e7ar o aprendizado durante a Oficina do Gato Preto. Com esses cadernos, os alunos puderam registrar suas cria\u00e7\u00f5es e reflex\u00f5es, facilitando a concentra\u00e7\u00e3o e o envolvimento com a escrita. A produ\u00e7\u00e3o desses cadernos, que somaram 372 unidades, complementou a experi\u00eancia educativa proporcionada durante a semana.<\/p>\n<h2>A participa\u00e7\u00e3o dos estudantes<\/h2>\n<p>A participa\u00e7\u00e3o ativa dos estudantes foi um dos fatores que garantiu o sucesso do evento. Os alunos n\u00e3o apenas aprenderam sobre a escrita, mas tamb\u00e9m se sentiram valorizados e engajados em um ambiente que promoveu a cultura e a literatura. O reconhecimento por suas contribui\u00e7\u00f5es veio na forma de certificados de participa\u00e7\u00e3o, garantindo que cada jovem tivesse um registro de suas conquistas e aprendizados.<\/p>\n<h2>Tecnologia e educa\u00e7\u00e3o: um equil\u00edbrio necess\u00e1rio<\/h2>\n<p>Para apoiar a conviv\u00eancia entre tradi\u00e7\u00e3o e modernidade, as atividades da semana integraram a utiliza\u00e7\u00e3o de tecnologia nas din\u00e2micas pedag\u00f3gicas. A proposta foi criar um ambiente onde o uso de intelig\u00eancia artificial e redes sociais complementasse a experi\u00eancia de leitura e escrita, destacando a import\u00e2ncia dos livros f\u00edsicos e da tecnologia na forma\u00e7\u00e3o de novas gera\u00e7\u00f5es de leitores.<\/p>\n<h2>Reconhecimento dos alunos com certificados<\/h2>\n<p>O reconhecimento das conquistas dos alunos teve um papel vital na motiva\u00e7\u00e3o e no incentivo \u00e0 continuidade das pr\u00e1ticas culturais e liter\u00e1rias. Todos os 372 estudantes participantes receberam certificados, celebrando n\u00e3o apenas sua presen\u00e7a, mas tamb\u00e9m seu empenho e dedica\u00e7\u00e3o durante as atividades propostas na semana.<\/p>\n<h2>O futuro da literatura em Ouro Preto<\/h2>\n<p>O saldo positivo da Semana Estadual de Incentivo \u00e0 Leitura para Ouro Preto \u00e9 ineg\u00e1vel. A cidade reafirma seu papel como um patrim\u00f4nio cultural e, acima de tudo, como um espa\u00e7o de forma\u00e7\u00e3o de novos leitores. A combina\u00e7\u00e3o da tradi\u00e7\u00e3o liter\u00e1ria com iniciativas contempor\u00e2neas promete um futuro promissor para a literatura em Ouro Preto, criando uma nova gera\u00e7\u00e3o de leitores \u00e1vidos e cr\u00edticos. Assim, manter a cultura liter\u00e1ria viva e vibrante \u00e9 um compromisso que todos os envolvidos devem cultivar, refor\u00e7ando a import\u00e2ncia da leitura como um pilar fundamental na educa\u00e7\u00e3o e na sociedade.<\/p>\n","protected":false},"excerpt":{"rendered":"<p>Ouro Preto se destaca como polo liter\u00e1rio e educativo na Semana Estadual de Incentivo \u00e0 Leitura.<\/p>\n","protected":false},"author":1,"featured_media":4716,"comment_status":"open","ping_status":"open","sticky":false,"template":"","format":"standard","meta":{"footnotes":""},"categories":[5],"tags":[],"class_list":["post-4717","post","type-post","status-publish","format-standard","has-post-thumbnail","hentry","category-noticias","has_thumb"],"yoast_head":"<!-- This site is optimized with the Yoast SEO plugin v27.2 - https:\/\/yoast.com\/product\/yoast-seo-wordpress\/ -->\n<title>Ouro Preto se consolida como polo liter\u00e1rio durante Semana Estadual de Incentivo \u00e0 Leitura | Guia Comercial de Ouro Preto MG<\/title>\n<meta name=\"robots\" content=\"index, follow, max-snippet:-1, max-image-preview:large, max-video-preview:-1\" \/>\n<link rel=\"canonical\" href=\"https:\/\/www.encontraminasgerais.com.br\/ouro-preto\/ouro-preto-se-consolida-como-polo-literario-durante-semana-estadual-de-incentivo-a-leitura\/\" \/>\n<meta property=\"og:locale\" content=\"pt_BR\" \/>\n<meta property=\"og:type\" content=\"article\" \/>\n<meta property=\"og:title\" content=\"Ouro Preto se consolida como polo liter\u00e1rio durante Semana Estadual de Incentivo \u00e0 Leitura | Guia Comercial de Ouro Preto MG\" \/>\n<meta property=\"og:description\" content=\"Ouro Preto se destaca como polo liter\u00e1rio e educativo na Semana Estadual de Incentivo \u00e0 Leitura.\" \/>\n<meta property=\"og:url\" content=\"https:\/\/www.encontraminasgerais.com.br\/ouro-preto\/ouro-preto-se-consolida-como-polo-literario-durante-semana-estadual-de-incentivo-a-leitura\/\" \/>\n<meta property=\"og:site_name\" content=\"Guia Comercial de Ouro Preto MG\" \/>\n<meta property=\"article:published_time\" content=\"2026-04-30T09:41:25+00:00\" \/>\n<meta property=\"og:image\" content=\"https:\/\/www.encontraminasgerais.com.br\/ouro-preto\/wp-content\/uploads\/2026\/04\/ouro-preto-se-consolida-como-polo-literario-durante-semana-estadual-de-incentivo-a-leitura.webp\" \/>\n<meta name=\"author\" content=\"Encontra Ouro Preto\" \/>\n<meta name=\"twitter:card\" content=\"summary_large_image\" \/>\n<meta name=\"twitter:label1\" content=\"Escrito por\" \/>\n\t<meta name=\"twitter:data1\" content=\"Encontra Ouro Preto\" \/>\n\t<meta name=\"twitter:label2\" content=\"Est. tempo de leitura\" \/>\n\t<meta name=\"twitter:data2\" content=\"4 minutos\" \/>\n<script type=\"application\/ld+json\" class=\"yoast-schema-graph\">{\"@context\":\"https:\/\/schema.org\",\"@graph\":[{\"@type\":\"Article\",\"@id\":\"https:\/\/www.encontraminasgerais.com.br\/ouro-preto\/ouro-preto-se-consolida-como-polo-literario-durante-semana-estadual-de-incentivo-a-leitura\/#article\",\"isPartOf\":{\"@id\":\"https:\/\/www.encontraminasgerais.com.br\/ouro-preto\/ouro-preto-se-consolida-como-polo-literario-durante-semana-estadual-de-incentivo-a-leitura\/\"},\"author\":{\"name\":\"Encontra Ouro Preto\",\"@id\":\"https:\/\/www.encontraminasgerais.com.br\/ouro-preto\/#\/schema\/person\/d55d0e79e38dd7d6474efd815b181c4d\"},\"headline\":\"Ouro Preto se consolida como polo liter\u00e1rio durante Semana Estadual de Incentivo \u00e0 Leitura\",\"datePublished\":\"2026-04-30T09:41:25+00:00\",\"mainEntityOfPage\":{\"@id\":\"https:\/\/www.encontraminasgerais.com.br\/ouro-preto\/ouro-preto-se-consolida-como-polo-literario-durante-semana-estadual-de-incentivo-a-leitura\/\"},\"wordCount\":783,\"commentCount\":0,\"image\":{\"@id\":\"https:\/\/www.encontraminasgerais.com.br\/ouro-preto\/ouro-preto-se-consolida-como-polo-literario-durante-semana-estadual-de-incentivo-a-leitura\/#primaryimage\"},\"thumbnailUrl\":\"https:\/\/www.encontraminasgerais.com.br\/ouro-preto\/wp-content\/uploads\/2026\/04\/ouro-preto-se-consolida-como-polo-literario-durante-semana-estadual-de-incentivo-a-leitura.webp\",\"articleSection\":[\"Not\u00edcias Ouro Preto\"],\"inLanguage\":\"pt-BR\",\"potentialAction\":[{\"@type\":\"CommentAction\",\"name\":\"Comment\",\"target\":[\"https:\/\/www.encontraminasgerais.com.br\/ouro-preto\/ouro-preto-se-consolida-como-polo-literario-durante-semana-estadual-de-incentivo-a-leitura\/#respond\"]}]},{\"@type\":\"WebPage\",\"@id\":\"https:\/\/www.encontraminasgerais.com.br\/ouro-preto\/ouro-preto-se-consolida-como-polo-literario-durante-semana-estadual-de-incentivo-a-leitura\/\",\"url\":\"https:\/\/www.encontraminasgerais.com.br\/ouro-preto\/ouro-preto-se-consolida-como-polo-literario-durante-semana-estadual-de-incentivo-a-leitura\/\",\"name\":\"Ouro Preto se consolida como polo liter\u00e1rio durante Semana Estadual de Incentivo \u00e0 Leitura | Guia Comercial de Ouro Preto MG\",\"isPartOf\":{\"@id\":\"https:\/\/www.encontraminasgerais.com.br\/ouro-preto\/#website\"},\"primaryImageOfPage\":{\"@id\":\"https:\/\/www.encontraminasgerais.com.br\/ouro-preto\/ouro-preto-se-consolida-como-polo-literario-durante-semana-estadual-de-incentivo-a-leitura\/#primaryimage\"},\"image\":{\"@id\":\"https:\/\/www.encontraminasgerais.com.br\/ouro-preto\/ouro-preto-se-consolida-como-polo-literario-durante-semana-estadual-de-incentivo-a-leitura\/#primaryimage\"},\"thumbnailUrl\":\"https:\/\/www.encontraminasgerais.com.br\/ouro-preto\/wp-content\/uploads\/2026\/04\/ouro-preto-se-consolida-como-polo-literario-durante-semana-estadual-de-incentivo-a-leitura.webp\",\"datePublished\":\"2026-04-30T09:41:25+00:00\",\"author\":{\"@id\":\"https:\/\/www.encontraminasgerais.com.br\/ouro-preto\/#\/schema\/person\/d55d0e79e38dd7d6474efd815b181c4d\"},\"inLanguage\":\"pt-BR\",\"potentialAction\":[{\"@type\":\"ReadAction\",\"target\":[\"https:\/\/www.encontraminasgerais.com.br\/ouro-preto\/ouro-preto-se-consolida-como-polo-literario-durante-semana-estadual-de-incentivo-a-leitura\/\"]}]},{\"@type\":\"ImageObject\",\"inLanguage\":\"pt-BR\",\"@id\":\"https:\/\/www.encontraminasgerais.com.br\/ouro-preto\/ouro-preto-se-consolida-como-polo-literario-durante-semana-estadual-de-incentivo-a-leitura\/#primaryimage\",\"url\":\"https:\/\/www.encontraminasgerais.com.br\/ouro-preto\/wp-content\/uploads\/2026\/04\/ouro-preto-se-consolida-como-polo-literario-durante-semana-estadual-de-incentivo-a-leitura.webp\",\"contentUrl\":\"https:\/\/www.encontraminasgerais.com.br\/ouro-preto\/wp-content\/uploads\/2026\/04\/ouro-preto-se-consolida-como-polo-literario-durante-semana-estadual-de-incentivo-a-leitura.webp\",\"width\":280,\"height\":280,\"caption\":\"Ouro Preto como polo liter\u00e1rio\"},{\"@type\":\"WebSite\",\"@id\":\"https:\/\/www.encontraminasgerais.com.br\/ouro-preto\/#website\",\"url\":\"https:\/\/www.encontraminasgerais.com.br\/ouro-preto\/\",\"name\":\"Guia Comercial de Ouro Preto MG\",\"description\":\"O Encontra Ouro Preto \u00e9 o guia mais completo da cidade Ouro Preto com com\u00e9rcios, servi\u00e7os, noticias, jornal, hist\u00f3ria e lazer da cidade.\",\"potentialAction\":[{\"@type\":\"SearchAction\",\"target\":{\"@type\":\"EntryPoint\",\"urlTemplate\":\"https:\/\/www.encontraminasgerais.com.br\/ouro-preto\/?s={search_term_string}\"},\"query-input\":{\"@type\":\"PropertyValueSpecification\",\"valueRequired\":true,\"valueName\":\"search_term_string\"}}],\"inLanguage\":\"pt-BR\"},{\"@type\":\"Person\",\"@id\":\"https:\/\/www.encontraminasgerais.com.br\/ouro-preto\/#\/schema\/person\/d55d0e79e38dd7d6474efd815b181c4d\",\"name\":\"Encontra Ouro Preto\",\"image\":{\"@type\":\"ImageObject\",\"inLanguage\":\"pt-BR\",\"@id\":\"https:\/\/secure.gravatar.com\/avatar\/c50c17820bcf322f0a8fd6b110b8c0918141409dc69076470f6fca5fee70a5d4?s=96&d=mm&r=g\",\"url\":\"https:\/\/secure.gravatar.com\/avatar\/c50c17820bcf322f0a8fd6b110b8c0918141409dc69076470f6fca5fee70a5d4?s=96&d=mm&r=g\",\"contentUrl\":\"https:\/\/secure.gravatar.com\/avatar\/c50c17820bcf322f0a8fd6b110b8c0918141409dc69076470f6fca5fee70a5d4?s=96&d=mm&r=g\",\"caption\":\"Encontra Ouro Preto\"},\"url\":\"https:\/\/www.encontraminasgerais.com.br\/ouro-preto\/author\/encontraouropreto\/\"}]}<\/script>\n<!-- \/ Yoast SEO plugin. -->","yoast_head_json":{"title":"Ouro Preto se consolida como polo liter\u00e1rio durante Semana Estadual de Incentivo \u00e0 Leitura | Guia Comercial de Ouro Preto MG","robots":{"index":"index","follow":"follow","max-snippet":"max-snippet:-1","max-image-preview":"max-image-preview:large","max-video-preview":"max-video-preview:-1"},"canonical":"https:\/\/www.encontraminasgerais.com.br\/ouro-preto\/ouro-preto-se-consolida-como-polo-literario-durante-semana-estadual-de-incentivo-a-leitura\/","og_locale":"pt_BR","og_type":"article","og_title":"Ouro Preto se consolida como polo liter\u00e1rio durante Semana Estadual de Incentivo \u00e0 Leitura | Guia Comercial de Ouro Preto MG","og_description":"Ouro Preto se destaca como polo liter\u00e1rio e educativo na Semana Estadual de Incentivo \u00e0 Leitura.","og_url":"https:\/\/www.encontraminasgerais.com.br\/ouro-preto\/ouro-preto-se-consolida-como-polo-literario-durante-semana-estadual-de-incentivo-a-leitura\/","og_site_name":"Guia Comercial de Ouro Preto MG","article_published_time":"2026-04-30T09:41:25+00:00","og_image":[{"url":"https:\/\/www.encontraminasgerais.com.br\/ouro-preto\/wp-content\/uploads\/2026\/04\/ouro-preto-se-consolida-como-polo-literario-durante-semana-estadual-de-incentivo-a-leitura.webp","type":"","width":"","height":""}],"author":"Encontra Ouro Preto","twitter_card":"summary_large_image","twitter_misc":{"Escrito por":"Encontra Ouro Preto","Est. tempo de leitura":"4 minutos"},"schema":{"@context":"https:\/\/schema.org","@graph":[{"@type":"Article","@id":"https:\/\/www.encontraminasgerais.com.br\/ouro-preto\/ouro-preto-se-consolida-como-polo-literario-durante-semana-estadual-de-incentivo-a-leitura\/#article","isPartOf":{"@id":"https:\/\/www.encontraminasgerais.com.br\/ouro-preto\/ouro-preto-se-consolida-como-polo-literario-durante-semana-estadual-de-incentivo-a-leitura\/"},"author":{"name":"Encontra Ouro Preto","@id":"https:\/\/www.encontraminasgerais.com.br\/ouro-preto\/#\/schema\/person\/d55d0e79e38dd7d6474efd815b181c4d"},"headline":"Ouro Preto se consolida como polo liter\u00e1rio durante Semana Estadual de Incentivo \u00e0 Leitura","datePublished":"2026-04-30T09:41:25+00:00","mainEntityOfPage":{"@id":"https:\/\/www.encontraminasgerais.com.br\/ouro-preto\/ouro-preto-se-consolida-como-polo-literario-durante-semana-estadual-de-incentivo-a-leitura\/"},"wordCount":783,"commentCount":0,"image":{"@id":"https:\/\/www.encontraminasgerais.com.br\/ouro-preto\/ouro-preto-se-consolida-como-polo-literario-durante-semana-estadual-de-incentivo-a-leitura\/#primaryimage"},"thumbnailUrl":"https:\/\/www.encontraminasgerais.com.br\/ouro-preto\/wp-content\/uploads\/2026\/04\/ouro-preto-se-consolida-como-polo-literario-durante-semana-estadual-de-incentivo-a-leitura.webp","articleSection":["Not\u00edcias Ouro Preto"],"inLanguage":"pt-BR","potentialAction":[{"@type":"CommentAction","name":"Comment","target":["https:\/\/www.encontraminasgerais.com.br\/ouro-preto\/ouro-preto-se-consolida-como-polo-literario-durante-semana-estadual-de-incentivo-a-leitura\/#respond"]}]},{"@type":"WebPage","@id":"https:\/\/www.encontraminasgerais.com.br\/ouro-preto\/ouro-preto-se-consolida-como-polo-literario-durante-semana-estadual-de-incentivo-a-leitura\/","url":"https:\/\/www.encontraminasgerais.com.br\/ouro-preto\/ouro-preto-se-consolida-como-polo-literario-durante-semana-estadual-de-incentivo-a-leitura\/","name":"Ouro Preto se consolida como polo liter\u00e1rio durante Semana Estadual de Incentivo \u00e0 Leitura | Guia Comercial de Ouro Preto MG","isPartOf":{"@id":"https:\/\/www.encontraminasgerais.com.br\/ouro-preto\/#website"},"primaryImageOfPage":{"@id":"https:\/\/www.encontraminasgerais.com.br\/ouro-preto\/ouro-preto-se-consolida-como-polo-literario-durante-semana-estadual-de-incentivo-a-leitura\/#primaryimage"},"image":{"@id":"https:\/\/www.encontraminasgerais.com.br\/ouro-preto\/ouro-preto-se-consolida-como-polo-literario-durante-semana-estadual-de-incentivo-a-leitura\/#primaryimage"},"thumbnailUrl":"https:\/\/www.encontraminasgerais.com.br\/ouro-preto\/wp-content\/uploads\/2026\/04\/ouro-preto-se-consolida-como-polo-literario-durante-semana-estadual-de-incentivo-a-leitura.webp","datePublished":"2026-04-30T09:41:25+00:00","author":{"@id":"https:\/\/www.encontraminasgerais.com.br\/ouro-preto\/#\/schema\/person\/d55d0e79e38dd7d6474efd815b181c4d"},"inLanguage":"pt-BR","potentialAction":[{"@type":"ReadAction","target":["https:\/\/www.encontraminasgerais.com.br\/ouro-preto\/ouro-preto-se-consolida-como-polo-literario-durante-semana-estadual-de-incentivo-a-leitura\/"]}]},{"@type":"ImageObject","inLanguage":"pt-BR","@id":"https:\/\/www.encontraminasgerais.com.br\/ouro-preto\/ouro-preto-se-consolida-como-polo-literario-durante-semana-estadual-de-incentivo-a-leitura\/#primaryimage","url":"https:\/\/www.encontraminasgerais.com.br\/ouro-preto\/wp-content\/uploads\/2026\/04\/ouro-preto-se-consolida-como-polo-literario-durante-semana-estadual-de-incentivo-a-leitura.webp","contentUrl":"https:\/\/www.encontraminasgerais.com.br\/ouro-preto\/wp-content\/uploads\/2026\/04\/ouro-preto-se-consolida-como-polo-literario-durante-semana-estadual-de-incentivo-a-leitura.webp","width":280,"height":280,"caption":"Ouro Preto como polo liter\u00e1rio"},{"@type":"WebSite","@id":"https:\/\/www.encontraminasgerais.com.br\/ouro-preto\/#website","url":"https:\/\/www.encontraminasgerais.com.br\/ouro-preto\/","name":"Guia Comercial de Ouro Preto MG","description":"O Encontra Ouro Preto \u00e9 o guia mais completo da cidade Ouro Preto com com\u00e9rcios, servi\u00e7os, noticias, jornal, hist\u00f3ria e lazer da cidade.","potentialAction":[{"@type":"SearchAction","target":{"@type":"EntryPoint","urlTemplate":"https:\/\/www.encontraminasgerais.com.br\/ouro-preto\/?s={search_term_string}"},"query-input":{"@type":"PropertyValueSpecification","valueRequired":true,"valueName":"search_term_string"}}],"inLanguage":"pt-BR"},{"@type":"Person","@id":"https:\/\/www.encontraminasgerais.com.br\/ouro-preto\/#\/schema\/person\/d55d0e79e38dd7d6474efd815b181c4d","name":"Encontra Ouro Preto","image":{"@type":"ImageObject","inLanguage":"pt-BR","@id":"https:\/\/secure.gravatar.com\/avatar\/c50c17820bcf322f0a8fd6b110b8c0918141409dc69076470f6fca5fee70a5d4?s=96&d=mm&r=g","url":"https:\/\/secure.gravatar.com\/avatar\/c50c17820bcf322f0a8fd6b110b8c0918141409dc69076470f6fca5fee70a5d4?s=96&d=mm&r=g","contentUrl":"https:\/\/secure.gravatar.com\/avatar\/c50c17820bcf322f0a8fd6b110b8c0918141409dc69076470f6fca5fee70a5d4?s=96&d=mm&r=g","caption":"Encontra Ouro Preto"},"url":"https:\/\/www.encontraminasgerais.com.br\/ouro-preto\/author\/encontraouropreto\/"}]}},"_links":{"self":[{"href":"https:\/\/www.encontraminasgerais.com.br\/ouro-preto\/wp-json\/wp\/v2\/posts\/4717","targetHints":{"allow":["GET"]}}],"collection":[{"href":"https:\/\/www.encontraminasgerais.com.br\/ouro-preto\/wp-json\/wp\/v2\/posts"}],"about":[{"href":"https:\/\/www.encontraminasgerais.com.br\/ouro-preto\/wp-json\/wp\/v2\/types\/post"}],"author":[{"embeddable":true,"href":"https:\/\/www.encontraminasgerais.com.br\/ouro-preto\/wp-json\/wp\/v2\/users\/1"}],"replies":[{"embeddable":true,"href":"https:\/\/www.encontraminasgerais.com.br\/ouro-preto\/wp-json\/wp\/v2\/comments?post=4717"}],"version-history":[{"count":0,"href":"https:\/\/www.encontraminasgerais.com.br\/ouro-preto\/wp-json\/wp\/v2\/posts\/4717\/revisions"}],"wp:featuredmedia":[{"embeddable":true,"href":"https:\/\/www.encontraminasgerais.com.br\/ouro-preto\/wp-json\/wp\/v2\/media\/4716"}],"wp:attachment":[{"href":"https:\/\/www.encontraminasgerais.com.br\/ouro-preto\/wp-json\/wp\/v2\/media?parent=4717"}],"wp:term":[{"taxonomy":"category","embeddable":true,"href":"https:\/\/www.encontraminasgerais.com.br\/ouro-preto\/wp-json\/wp\/v2\/categories?post=4717"},{"taxonomy":"post_tag","embeddable":true,"href":"https:\/\/www.encontraminasgerais.com.br\/ouro-preto\/wp-json\/wp\/v2\/tags?post=4717"}],"curies":[{"name":"wp","href":"https:\/\/api.w.org\/{rel}","templated":true}]}}