{"id":4719,"date":"2026-04-30T06:43:03","date_gmt":"2026-04-30T09:43:03","guid":{"rendered":"https:\/\/www.encontraminasgerais.com.br\/ouro-preto\/andorinha-cultural-atrai-milhares-a-ouro-preto-em-fim-de-semana-de-arte-bem\/"},"modified":"2026-04-30T06:43:03","modified_gmt":"2026-04-30T09:43:03","slug":"andorinha-cultural-atrai-milhares-a-ouro-preto-em-fim-de-semana-de-arte-bem","status":"publish","type":"post","link":"https:\/\/www.encontraminasgerais.com.br\/ouro-preto\/andorinha-cultural-atrai-milhares-a-ouro-preto-em-fim-de-semana-de-arte-bem\/","title":{"rendered":"Andorinha Cultural atrai milhares a Ouro Preto em fim de semana de arte, bem"},"content":{"rendered":"<h2>O que foi o Andorinha Cultural?<\/h2>\n<p>O <strong>Andorinha Cultural<\/strong> \u00e9 um evento que promove a integra\u00e7\u00e3o entre arte, bem-estar e cultura, realizado anualmente em Ouro Preto. Nesta terceira edi\u00e7\u00e3o, que ocorreu nos dias 18 e 19 de abril, o Parque Natural Municipal das Andorinhas se transformou em um espa\u00e7o vibrante para acolher atividades diversificadas. Com a participa\u00e7\u00e3o de cerca de duas mil pessoas, o evento se destacou por sua gratuidade e pelo apoio da Vale, atrav\u00e9s da Lei Federal de Incentivo \u00e0 Cultura.<\/p>\n<h2>Um Fim de Semana de Arte e Bem-Estar<\/h2>\n<p>Durante o fim de semana, o Andorinha Cultural ofereceu uma vasta programa\u00e7\u00e3o, que englobou desde caminhadas ao ar livre at\u00e9 apresenta\u00e7\u00f5es art\u00edsticas de alto n\u00edvel. No primeiro dia, os participantes puderam desfrutar de uma caminhada chamada &#8220;Mude 1 H\u00e1bito&#8221;, seguida por uma pe\u00e7a teatral chamada &#8220;Jagy Nak \u2013 Sabedoria da Terra&#8221;, que prestou homenagens ao <strong>Dia dos Povos Ind\u00edgenas<\/strong>. As atividades culminaram com um show emocionante da cantora Laura Catarina, que homenageou o artista mineiro Vander Lee.<\/p>\n<h2>Programa\u00e7\u00e3o Diversificada com M\u00fasica e Teatro<\/h2>\n<p>A programa\u00e7\u00e3o do evento foi cuidadosamente pensada para agradar a todos os p\u00fablicos. No segundo dia, os visitantes participaram de atividades focadas no bem-estar, como aulas de <strong>yoga<\/strong> e <strong>tai chi chuan<\/strong>, al\u00e9m de sess\u00f5es de reiki e auriculoterapia, em colabora\u00e7\u00e3o com o <strong>Programa \u00cdris<\/strong> da UFOP. O Coral Vozes de Vila Rica tamb\u00e9m se apresentou, proporcionando uma experi\u00eancia musical rica e diversificada.<\/p>\n<p><img decoding=\"async\" src=\"https:\/\/www.encontraminasgerais.com.br\/ouro-preto\/wp-content\/uploads\/2026\/04\/andorinha-cultural-atrai-milhares-a-ouro-preto-em-fim-de-semana-de-arte-bem.webp\" alt=\"Andorinha Cultural\" loading=\"lazy\" \/><\/p>\n<h2>Homenagem aos Povos Ind\u00edgenas<\/h2>\n<p>Um dos pontos altos do evento foi a homenagem ao Dia dos Povos Ind\u00edgenas, refletindo o reconhecimento das culturas ind\u00edgenas no Brasil. O espet\u00e1culo &#8220;Jagy Nak&#8221; trouxe \u00e0 tona a import\u00e2ncia da sabedoria ancestral e a rela\u00e7\u00e3o dos povos origin\u00e1rios com a terra, promovendo uma reflex\u00e3o necess\u00e1ria sobre a cultura ind\u00edgena na sociedade contempor\u00e2nea.<\/p>\n<h2>Integra\u00e7\u00e3o Cultural em Ouro Preto<\/h2>\n<p>O Andorinha Cultural se configurou como um espa\u00e7o de integra\u00e7\u00e3o cultural, onde diversas manifesta\u00e7\u00f5es art\u00edsticas puderam ser apresentadas. As oficinas para crian\u00e7as, ministradas por Raquel Silva, misturavam <strong>educa\u00e7\u00e3o ambiental<\/strong> com atividades art\u00edsticas, envolvendo os pequenos na coleta de res\u00edduos do parque e na cria\u00e7\u00e3o de colagens. Isso permitiu que as novas gera\u00e7\u00f5es se conectassem com a natureza e a cultura local.<\/p>\n<h2>Feira de Artesanato e Gastronomia<\/h2>\n<p>Outra atra\u00e7\u00e3o do evento foi a <strong>Feira Vale + Comunidade<\/strong>, que trouxe expositores de v\u00e1rias regi\u00f5es, oferecendo uma rica variedade de artesanato e gastronomia. A feira n\u00e3o apenas divertiu os visitantes, mas tamb\u00e9m movimentou a economia local, dando destaque ao trabalho de pequenos produtores e artes\u00e3os de distritos como Amarantina e Ant\u00f4nio Pereira.<\/p>\n<h2>Acessibilidade e Inclus\u00e3o no Evento<\/h2>\n<p>O evento tamb\u00e9m se destacou por seu compromisso com a <strong>acessibilidade<\/strong>. O Andorinha Cultural disponibilizou int\u00e9rpretes de Libras, material informativo em braille e cadeiras adaptadas para garantir que todos pudessem desfrutar das atividades oferecidas. O Parque das Andorinhas ainda conta com a cadeira Julietti, uma ferramenta que permite que pessoas com mobilidade reduzida explorem as trilhas de forma segura.<\/p>\n<h2>Impacto Econ\u00f4mico na Regi\u00e3o<\/h2>\n<p>Al\u00e9m de suas contribui\u00e7\u00f5es culturais, o Andorinha Cultural teve um impacto positivo na economia local. O evento trouxe visitantes n\u00e3o s\u00f3 de Ouro Preto e regi\u00f5es vizinhas, mas tamb\u00e9m de cidades como Belo Horizonte, Ipatinga e at\u00e9 de outros estados, como S\u00e3o Paulo e Rio de Janeiro. Essa movimenta\u00e7\u00e3o de p\u00fablico gerou um aquecimento no com\u00e9rcio local e impulsionou o setor de turismo.<\/p>\n<h2>O Papel da Vale na Cultura Local<\/h2>\n<p>A Vale, como patrocinadora master do evento, refor\u00e7ou seu compromisso com a cultura no Brasil. Segundo Elaine Nascimento, analista de relacionamento com comunidades da Vale, apoiar o Andorinha Cultural \u00e9 uma forma de celebrar a arte e promover iniciativas que valorizem a riqueza cultural da regi\u00e3o. O investimento em eventos como esse \u00e9 fundamental para fortalecer a identidade cultural e as pr\u00e1ticas art\u00edsticas locais.<\/p>\n<h2>Uma Experi\u00eancia \u00danica em Meio \u00e0 Natureza<\/h2>\n<p>O Andorinha Cultural proporciona uma experi\u00eancia \u00fanica ao combine elementos da natureza com diversas express\u00f5es art\u00edsticas. Como destacou <strong>Gilson Martins<\/strong>, coordenador do projeto, o evento visa reconectar as pessoas com a arte e a natureza, criando um espa\u00e7o de conviv\u00eancia e celebra\u00e7\u00e3o ao ar livre. A programa\u00e7\u00e3o inclusiva e o enfoque na acessibilidade garantiram que todos os participantes pudessem aproveitar ao m\u00e1ximo as atividades.<\/p>\n","protected":false},"excerpt":{"rendered":"<p>Andorinha Cultural em Ouro Preto promove arte, bem-estar e inclus\u00e3o em um evento inesquec\u00edvel.<\/p>\n","protected":false},"author":1,"featured_media":4718,"comment_status":"open","ping_status":"open","sticky":false,"template":"","format":"standard","meta":{"footnotes":""},"categories":[5],"tags":[],"class_list":["post-4719","post","type-post","status-publish","format-standard","has-post-thumbnail","hentry","category-noticias","has_thumb"],"yoast_head":"<!-- This site is optimized with the Yoast SEO plugin v27.2 - https:\/\/yoast.com\/product\/yoast-seo-wordpress\/ -->\n<title>Andorinha Cultural atrai milhares a Ouro Preto em fim de semana de arte, bem | Guia Comercial de Ouro Preto MG<\/title>\n<meta name=\"robots\" content=\"index, follow, max-snippet:-1, max-image-preview:large, max-video-preview:-1\" \/>\n<link rel=\"canonical\" href=\"https:\/\/www.encontraminasgerais.com.br\/ouro-preto\/andorinha-cultural-atrai-milhares-a-ouro-preto-em-fim-de-semana-de-arte-bem\/\" \/>\n<meta property=\"og:locale\" content=\"pt_BR\" \/>\n<meta property=\"og:type\" content=\"article\" \/>\n<meta property=\"og:title\" content=\"Andorinha Cultural atrai milhares a Ouro Preto em fim de semana de arte, bem | Guia Comercial de Ouro Preto MG\" \/>\n<meta property=\"og:description\" content=\"Andorinha Cultural em Ouro Preto promove arte, bem-estar e inclus\u00e3o em um evento inesquec\u00edvel.\" \/>\n<meta property=\"og:url\" content=\"https:\/\/www.encontraminasgerais.com.br\/ouro-preto\/andorinha-cultural-atrai-milhares-a-ouro-preto-em-fim-de-semana-de-arte-bem\/\" \/>\n<meta property=\"og:site_name\" content=\"Guia Comercial de Ouro Preto MG\" \/>\n<meta property=\"article:published_time\" content=\"2026-04-30T09:43:03+00:00\" \/>\n<meta property=\"og:image\" content=\"https:\/\/www.encontraminasgerais.com.br\/ouro-preto\/wp-content\/uploads\/2026\/04\/andorinha-cultural-atrai-milhares-a-ouro-preto-em-fim-de-semana-de-arte-bem.webp\" \/>\n<meta name=\"author\" content=\"Encontra Ouro Preto\" \/>\n<meta name=\"twitter:card\" content=\"summary_large_image\" \/>\n<meta name=\"twitter:label1\" content=\"Escrito por\" \/>\n\t<meta name=\"twitter:data1\" content=\"Encontra Ouro Preto\" \/>\n\t<meta name=\"twitter:label2\" content=\"Est. tempo de leitura\" \/>\n\t<meta name=\"twitter:data2\" content=\"4 minutos\" \/>\n<script type=\"application\/ld+json\" class=\"yoast-schema-graph\">{\"@context\":\"https:\/\/schema.org\",\"@graph\":[{\"@type\":\"Article\",\"@id\":\"https:\/\/www.encontraminasgerais.com.br\/ouro-preto\/andorinha-cultural-atrai-milhares-a-ouro-preto-em-fim-de-semana-de-arte-bem\/#article\",\"isPartOf\":{\"@id\":\"https:\/\/www.encontraminasgerais.com.br\/ouro-preto\/andorinha-cultural-atrai-milhares-a-ouro-preto-em-fim-de-semana-de-arte-bem\/\"},\"author\":{\"name\":\"Encontra Ouro Preto\",\"@id\":\"https:\/\/www.encontraminasgerais.com.br\/ouro-preto\/#\/schema\/person\/d55d0e79e38dd7d6474efd815b181c4d\"},\"headline\":\"Andorinha Cultural atrai milhares a Ouro Preto em fim de semana de arte, bem\",\"datePublished\":\"2026-04-30T09:43:03+00:00\",\"mainEntityOfPage\":{\"@id\":\"https:\/\/www.encontraminasgerais.com.br\/ouro-preto\/andorinha-cultural-atrai-milhares-a-ouro-preto-em-fim-de-semana-de-arte-bem\/\"},\"wordCount\":772,\"commentCount\":0,\"image\":{\"@id\":\"https:\/\/www.encontraminasgerais.com.br\/ouro-preto\/andorinha-cultural-atrai-milhares-a-ouro-preto-em-fim-de-semana-de-arte-bem\/#primaryimage\"},\"thumbnailUrl\":\"https:\/\/www.encontraminasgerais.com.br\/ouro-preto\/wp-content\/uploads\/2026\/04\/andorinha-cultural-atrai-milhares-a-ouro-preto-em-fim-de-semana-de-arte-bem.webp\",\"articleSection\":[\"Not\u00edcias Ouro Preto\"],\"inLanguage\":\"pt-BR\",\"potentialAction\":[{\"@type\":\"CommentAction\",\"name\":\"Comment\",\"target\":[\"https:\/\/www.encontraminasgerais.com.br\/ouro-preto\/andorinha-cultural-atrai-milhares-a-ouro-preto-em-fim-de-semana-de-arte-bem\/#respond\"]}]},{\"@type\":\"WebPage\",\"@id\":\"https:\/\/www.encontraminasgerais.com.br\/ouro-preto\/andorinha-cultural-atrai-milhares-a-ouro-preto-em-fim-de-semana-de-arte-bem\/\",\"url\":\"https:\/\/www.encontraminasgerais.com.br\/ouro-preto\/andorinha-cultural-atrai-milhares-a-ouro-preto-em-fim-de-semana-de-arte-bem\/\",\"name\":\"Andorinha Cultural atrai milhares a Ouro Preto em fim de semana de arte, bem | Guia Comercial de Ouro Preto MG\",\"isPartOf\":{\"@id\":\"https:\/\/www.encontraminasgerais.com.br\/ouro-preto\/#website\"},\"primaryImageOfPage\":{\"@id\":\"https:\/\/www.encontraminasgerais.com.br\/ouro-preto\/andorinha-cultural-atrai-milhares-a-ouro-preto-em-fim-de-semana-de-arte-bem\/#primaryimage\"},\"image\":{\"@id\":\"https:\/\/www.encontraminasgerais.com.br\/ouro-preto\/andorinha-cultural-atrai-milhares-a-ouro-preto-em-fim-de-semana-de-arte-bem\/#primaryimage\"},\"thumbnailUrl\":\"https:\/\/www.encontraminasgerais.com.br\/ouro-preto\/wp-content\/uploads\/2026\/04\/andorinha-cultural-atrai-milhares-a-ouro-preto-em-fim-de-semana-de-arte-bem.webp\",\"datePublished\":\"2026-04-30T09:43:03+00:00\",\"author\":{\"@id\":\"https:\/\/www.encontraminasgerais.com.br\/ouro-preto\/#\/schema\/person\/d55d0e79e38dd7d6474efd815b181c4d\"},\"inLanguage\":\"pt-BR\",\"potentialAction\":[{\"@type\":\"ReadAction\",\"target\":[\"https:\/\/www.encontraminasgerais.com.br\/ouro-preto\/andorinha-cultural-atrai-milhares-a-ouro-preto-em-fim-de-semana-de-arte-bem\/\"]}]},{\"@type\":\"ImageObject\",\"inLanguage\":\"pt-BR\",\"@id\":\"https:\/\/www.encontraminasgerais.com.br\/ouro-preto\/andorinha-cultural-atrai-milhares-a-ouro-preto-em-fim-de-semana-de-arte-bem\/#primaryimage\",\"url\":\"https:\/\/www.encontraminasgerais.com.br\/ouro-preto\/wp-content\/uploads\/2026\/04\/andorinha-cultural-atrai-milhares-a-ouro-preto-em-fim-de-semana-de-arte-bem.webp\",\"contentUrl\":\"https:\/\/www.encontraminasgerais.com.br\/ouro-preto\/wp-content\/uploads\/2026\/04\/andorinha-cultural-atrai-milhares-a-ouro-preto-em-fim-de-semana-de-arte-bem.webp\",\"width\":280,\"height\":280,\"caption\":\"Andorinha Cultural\"},{\"@type\":\"WebSite\",\"@id\":\"https:\/\/www.encontraminasgerais.com.br\/ouro-preto\/#website\",\"url\":\"https:\/\/www.encontraminasgerais.com.br\/ouro-preto\/\",\"name\":\"Guia Comercial de Ouro Preto MG\",\"description\":\"O Encontra Ouro Preto \u00e9 o guia mais completo da cidade Ouro Preto com com\u00e9rcios, servi\u00e7os, noticias, jornal, hist\u00f3ria e lazer da cidade.\",\"potentialAction\":[{\"@type\":\"SearchAction\",\"target\":{\"@type\":\"EntryPoint\",\"urlTemplate\":\"https:\/\/www.encontraminasgerais.com.br\/ouro-preto\/?s={search_term_string}\"},\"query-input\":{\"@type\":\"PropertyValueSpecification\",\"valueRequired\":true,\"valueName\":\"search_term_string\"}}],\"inLanguage\":\"pt-BR\"},{\"@type\":\"Person\",\"@id\":\"https:\/\/www.encontraminasgerais.com.br\/ouro-preto\/#\/schema\/person\/d55d0e79e38dd7d6474efd815b181c4d\",\"name\":\"Encontra Ouro Preto\",\"image\":{\"@type\":\"ImageObject\",\"inLanguage\":\"pt-BR\",\"@id\":\"https:\/\/secure.gravatar.com\/avatar\/c50c17820bcf322f0a8fd6b110b8c0918141409dc69076470f6fca5fee70a5d4?s=96&d=mm&r=g\",\"url\":\"https:\/\/secure.gravatar.com\/avatar\/c50c17820bcf322f0a8fd6b110b8c0918141409dc69076470f6fca5fee70a5d4?s=96&d=mm&r=g\",\"contentUrl\":\"https:\/\/secure.gravatar.com\/avatar\/c50c17820bcf322f0a8fd6b110b8c0918141409dc69076470f6fca5fee70a5d4?s=96&d=mm&r=g\",\"caption\":\"Encontra Ouro Preto\"},\"url\":\"https:\/\/www.encontraminasgerais.com.br\/ouro-preto\/author\/encontraouropreto\/\"}]}<\/script>\n<!-- \/ Yoast SEO plugin. -->","yoast_head_json":{"title":"Andorinha Cultural atrai milhares a Ouro Preto em fim de semana de arte, bem | Guia Comercial de Ouro Preto MG","robots":{"index":"index","follow":"follow","max-snippet":"max-snippet:-1","max-image-preview":"max-image-preview:large","max-video-preview":"max-video-preview:-1"},"canonical":"https:\/\/www.encontraminasgerais.com.br\/ouro-preto\/andorinha-cultural-atrai-milhares-a-ouro-preto-em-fim-de-semana-de-arte-bem\/","og_locale":"pt_BR","og_type":"article","og_title":"Andorinha Cultural atrai milhares a Ouro Preto em fim de semana de arte, bem | Guia Comercial de Ouro Preto MG","og_description":"Andorinha Cultural em Ouro Preto promove arte, bem-estar e inclus\u00e3o em um evento inesquec\u00edvel.","og_url":"https:\/\/www.encontraminasgerais.com.br\/ouro-preto\/andorinha-cultural-atrai-milhares-a-ouro-preto-em-fim-de-semana-de-arte-bem\/","og_site_name":"Guia Comercial de Ouro Preto MG","article_published_time":"2026-04-30T09:43:03+00:00","og_image":[{"url":"https:\/\/www.encontraminasgerais.com.br\/ouro-preto\/wp-content\/uploads\/2026\/04\/andorinha-cultural-atrai-milhares-a-ouro-preto-em-fim-de-semana-de-arte-bem.webp","type":"","width":"","height":""}],"author":"Encontra Ouro Preto","twitter_card":"summary_large_image","twitter_misc":{"Escrito por":"Encontra Ouro Preto","Est. tempo de leitura":"4 minutos"},"schema":{"@context":"https:\/\/schema.org","@graph":[{"@type":"Article","@id":"https:\/\/www.encontraminasgerais.com.br\/ouro-preto\/andorinha-cultural-atrai-milhares-a-ouro-preto-em-fim-de-semana-de-arte-bem\/#article","isPartOf":{"@id":"https:\/\/www.encontraminasgerais.com.br\/ouro-preto\/andorinha-cultural-atrai-milhares-a-ouro-preto-em-fim-de-semana-de-arte-bem\/"},"author":{"name":"Encontra Ouro Preto","@id":"https:\/\/www.encontraminasgerais.com.br\/ouro-preto\/#\/schema\/person\/d55d0e79e38dd7d6474efd815b181c4d"},"headline":"Andorinha Cultural atrai milhares a Ouro Preto em fim de semana de arte, bem","datePublished":"2026-04-30T09:43:03+00:00","mainEntityOfPage":{"@id":"https:\/\/www.encontraminasgerais.com.br\/ouro-preto\/andorinha-cultural-atrai-milhares-a-ouro-preto-em-fim-de-semana-de-arte-bem\/"},"wordCount":772,"commentCount":0,"image":{"@id":"https:\/\/www.encontraminasgerais.com.br\/ouro-preto\/andorinha-cultural-atrai-milhares-a-ouro-preto-em-fim-de-semana-de-arte-bem\/#primaryimage"},"thumbnailUrl":"https:\/\/www.encontraminasgerais.com.br\/ouro-preto\/wp-content\/uploads\/2026\/04\/andorinha-cultural-atrai-milhares-a-ouro-preto-em-fim-de-semana-de-arte-bem.webp","articleSection":["Not\u00edcias Ouro Preto"],"inLanguage":"pt-BR","potentialAction":[{"@type":"CommentAction","name":"Comment","target":["https:\/\/www.encontraminasgerais.com.br\/ouro-preto\/andorinha-cultural-atrai-milhares-a-ouro-preto-em-fim-de-semana-de-arte-bem\/#respond"]}]},{"@type":"WebPage","@id":"https:\/\/www.encontraminasgerais.com.br\/ouro-preto\/andorinha-cultural-atrai-milhares-a-ouro-preto-em-fim-de-semana-de-arte-bem\/","url":"https:\/\/www.encontraminasgerais.com.br\/ouro-preto\/andorinha-cultural-atrai-milhares-a-ouro-preto-em-fim-de-semana-de-arte-bem\/","name":"Andorinha Cultural atrai milhares a Ouro Preto em fim de semana de arte, bem | Guia Comercial de Ouro Preto MG","isPartOf":{"@id":"https:\/\/www.encontraminasgerais.com.br\/ouro-preto\/#website"},"primaryImageOfPage":{"@id":"https:\/\/www.encontraminasgerais.com.br\/ouro-preto\/andorinha-cultural-atrai-milhares-a-ouro-preto-em-fim-de-semana-de-arte-bem\/#primaryimage"},"image":{"@id":"https:\/\/www.encontraminasgerais.com.br\/ouro-preto\/andorinha-cultural-atrai-milhares-a-ouro-preto-em-fim-de-semana-de-arte-bem\/#primaryimage"},"thumbnailUrl":"https:\/\/www.encontraminasgerais.com.br\/ouro-preto\/wp-content\/uploads\/2026\/04\/andorinha-cultural-atrai-milhares-a-ouro-preto-em-fim-de-semana-de-arte-bem.webp","datePublished":"2026-04-30T09:43:03+00:00","author":{"@id":"https:\/\/www.encontraminasgerais.com.br\/ouro-preto\/#\/schema\/person\/d55d0e79e38dd7d6474efd815b181c4d"},"inLanguage":"pt-BR","potentialAction":[{"@type":"ReadAction","target":["https:\/\/www.encontraminasgerais.com.br\/ouro-preto\/andorinha-cultural-atrai-milhares-a-ouro-preto-em-fim-de-semana-de-arte-bem\/"]}]},{"@type":"ImageObject","inLanguage":"pt-BR","@id":"https:\/\/www.encontraminasgerais.com.br\/ouro-preto\/andorinha-cultural-atrai-milhares-a-ouro-preto-em-fim-de-semana-de-arte-bem\/#primaryimage","url":"https:\/\/www.encontraminasgerais.com.br\/ouro-preto\/wp-content\/uploads\/2026\/04\/andorinha-cultural-atrai-milhares-a-ouro-preto-em-fim-de-semana-de-arte-bem.webp","contentUrl":"https:\/\/www.encontraminasgerais.com.br\/ouro-preto\/wp-content\/uploads\/2026\/04\/andorinha-cultural-atrai-milhares-a-ouro-preto-em-fim-de-semana-de-arte-bem.webp","width":280,"height":280,"caption":"Andorinha Cultural"},{"@type":"WebSite","@id":"https:\/\/www.encontraminasgerais.com.br\/ouro-preto\/#website","url":"https:\/\/www.encontraminasgerais.com.br\/ouro-preto\/","name":"Guia Comercial de Ouro Preto MG","description":"O Encontra Ouro Preto \u00e9 o guia mais completo da cidade Ouro Preto com com\u00e9rcios, servi\u00e7os, noticias, jornal, hist\u00f3ria e lazer da cidade.","potentialAction":[{"@type":"SearchAction","target":{"@type":"EntryPoint","urlTemplate":"https:\/\/www.encontraminasgerais.com.br\/ouro-preto\/?s={search_term_string}"},"query-input":{"@type":"PropertyValueSpecification","valueRequired":true,"valueName":"search_term_string"}}],"inLanguage":"pt-BR"},{"@type":"Person","@id":"https:\/\/www.encontraminasgerais.com.br\/ouro-preto\/#\/schema\/person\/d55d0e79e38dd7d6474efd815b181c4d","name":"Encontra Ouro Preto","image":{"@type":"ImageObject","inLanguage":"pt-BR","@id":"https:\/\/secure.gravatar.com\/avatar\/c50c17820bcf322f0a8fd6b110b8c0918141409dc69076470f6fca5fee70a5d4?s=96&d=mm&r=g","url":"https:\/\/secure.gravatar.com\/avatar\/c50c17820bcf322f0a8fd6b110b8c0918141409dc69076470f6fca5fee70a5d4?s=96&d=mm&r=g","contentUrl":"https:\/\/secure.gravatar.com\/avatar\/c50c17820bcf322f0a8fd6b110b8c0918141409dc69076470f6fca5fee70a5d4?s=96&d=mm&r=g","caption":"Encontra Ouro Preto"},"url":"https:\/\/www.encontraminasgerais.com.br\/ouro-preto\/author\/encontraouropreto\/"}]}},"_links":{"self":[{"href":"https:\/\/www.encontraminasgerais.com.br\/ouro-preto\/wp-json\/wp\/v2\/posts\/4719","targetHints":{"allow":["GET"]}}],"collection":[{"href":"https:\/\/www.encontraminasgerais.com.br\/ouro-preto\/wp-json\/wp\/v2\/posts"}],"about":[{"href":"https:\/\/www.encontraminasgerais.com.br\/ouro-preto\/wp-json\/wp\/v2\/types\/post"}],"author":[{"embeddable":true,"href":"https:\/\/www.encontraminasgerais.com.br\/ouro-preto\/wp-json\/wp\/v2\/users\/1"}],"replies":[{"embeddable":true,"href":"https:\/\/www.encontraminasgerais.com.br\/ouro-preto\/wp-json\/wp\/v2\/comments?post=4719"}],"version-history":[{"count":0,"href":"https:\/\/www.encontraminasgerais.com.br\/ouro-preto\/wp-json\/wp\/v2\/posts\/4719\/revisions"}],"wp:featuredmedia":[{"embeddable":true,"href":"https:\/\/www.encontraminasgerais.com.br\/ouro-preto\/wp-json\/wp\/v2\/media\/4718"}],"wp:attachment":[{"href":"https:\/\/www.encontraminasgerais.com.br\/ouro-preto\/wp-json\/wp\/v2\/media?parent=4719"}],"wp:term":[{"taxonomy":"category","embeddable":true,"href":"https:\/\/www.encontraminasgerais.com.br\/ouro-preto\/wp-json\/wp\/v2\/categories?post=4719"},{"taxonomy":"post_tag","embeddable":true,"href":"https:\/\/www.encontraminasgerais.com.br\/ouro-preto\/wp-json\/wp\/v2\/tags?post=4719"}],"curies":[{"name":"wp","href":"https:\/\/api.w.org\/{rel}","templated":true}]}}