{"id":4721,"date":"2026-05-01T06:38:17","date_gmt":"2026-05-01T09:38:17","guid":{"rendered":"https:\/\/www.encontraminasgerais.com.br\/ouro-preto\/comissao-de-meio-ambiente-visita-duas-comunidades-em-ouro-preto\/"},"modified":"2026-05-01T06:38:17","modified_gmt":"2026-05-01T09:38:17","slug":"comissao-de-meio-ambiente-visita-duas-comunidades-em-ouro-preto","status":"publish","type":"post","link":"https:\/\/www.encontraminasgerais.com.br\/ouro-preto\/comissao-de-meio-ambiente-visita-duas-comunidades-em-ouro-preto\/","title":{"rendered":"Comiss\u00e3o de Meio Ambiente visita duas comunidades em Ouro Preto"},"content":{"rendered":"<h2>Visita T\u00e9cnica das Autoridades<\/h2>\n<p>A Comiss\u00e3o de Meio Ambiente e Desenvolvimento Sustent\u00e1vel da Assembleia Legislativa de Minas Gerais (ALMG) programou uma visita \u00e0s comunidades de Ant\u00f4nio Pereira e Botafogo, localizadas em Ouro Preto. Esta a\u00e7\u00e3o ocorrer\u00e1 na pr\u00f3xima segunda-feira, dia 4 de maio de 2026, e foi requisitada pela deputada Bella Gon\u00e7alves, com a finalidade de verificar os impactos decorrentes das atividades mineradoras na \u00e1rea. A visita inclui a inspe\u00e7\u00e3o da Barragem Doutor, que apresenta riscos associados ao armazenamento de rejeitos da extra\u00e7\u00e3o mineral.<\/p>\n<h2>A Comunidade de Ant\u00f4nio Pereira<\/h2>\n<p>A comunidade de Ant\u00f4nio Pereira tem enfrentado s\u00e9rios desafios devido \u00e0 expans\u00e3o da minera\u00e7\u00e3o na regi\u00e3o. Segundo relatos dos moradores, a atividade mineradora tem causado a prolifera\u00e7\u00e3o de poeira, comprometendo a qualidade do ar e a sa\u00fade da popula\u00e7\u00e3o. Al\u00e9m disso, existe uma preocupa\u00e7\u00e3o constante com a seguran\u00e7a em rela\u00e7\u00e3o \u00e0 barragem, que, ao ser classificada como em alerta, gera inseguran\u00e7a e ansiedade entre os moradores.<\/p>\n<p>A deputada Bella Gon\u00e7alves enfatiza a necessidade de proteger o patrim\u00f4nio cultural e ambiental local, afirmando: \u201c\u00c9 fundamental ouvir a popula\u00e7\u00e3o afetada e entender suas preocupa\u00e7\u00f5es para buscarmos solu\u00e7\u00f5es que garantam a seguran\u00e7a e preserva\u00e7\u00e3o das localidades afetadas\u201d.<\/p>\n<p><img decoding=\"async\" src=\"https:\/\/www.encontraminasgerais.com.br\/ouro-preto\/wp-content\/uploads\/2026\/05\/comissao-de-meio-ambiente-visita-duas-comunidades-em-ouro-preto.webp\" alt=\"impacto da minera\u00e7\u00e3o\" loading=\"lazy\" \/><\/p>\n<h2>Impactos da Minera\u00e7\u00e3o em Botafogo<\/h2>\n<p>No que diz respeito a Botafogo, a situa\u00e7\u00e3o n\u00e3o \u00e9 diferente. A comunidade tamb\u00e9m se queixa dos efeitos adversos da minera\u00e7\u00e3o, que n\u00e3o apenas afetam a sa\u00fade p\u00fablica, mas tamb\u00e9m prejudicam pr\u00e1ticas tradicionais de agricultura e turismo. \u00c9 imperativo que haja um di\u00e1logo aberto entre os representantes do governo, as mineradoras e a popula\u00e7\u00e3o para evitar o agravamento dessas quest\u00f5es.<\/p>\n<h2>A Barragem Doutor e seus Riscos<\/h2>\n<p>A Barragem Doutor \u00e9 um dos pontos cr\u00edticos visitados pela Comiss\u00e3o. Silenciosamente, ela acumula rejeitos da minera\u00e7\u00e3o, e o seu estado de alerta gera preocupa\u00e7\u00f5es leg\u00edtimas sobre potenciais desastres. Os riscos de rompimento da barragem poderiam ter consequ\u00eancias devastadoras n\u00e3o apenas para as comunidades pr\u00f3ximas, mas tamb\u00e9m para os ecossistemas locais, que dependem da integridade dessa estrutura para manter a qualidade da \u00e1gua.<\/p>\n<p>Ap\u00f3s a visita, a comiss\u00e3o se reunir\u00e1 com os moradores para discutir suas preocupa\u00e7\u00f5es sobre as implica\u00e7\u00f5es da minera\u00e7\u00e3o e garantir que suas vozes sejam ouvidas nas decis\u00f5es pol\u00edticas que impactam suas vidas.<\/p>\n<h2>O Papel da Deputada Bella Gon\u00e7alves<\/h2>\n<p>A deputada Bella Gon\u00e7alves, do PT, desempenha um papel central na atua\u00e7\u00e3o a favor das comunidades impactadas pela minera\u00e7\u00e3o. Com seu incans\u00e1vel ativismo, ela busca trazer \u00e0 tona as dificuldades enfrentadas pelas popula\u00e7\u00f5es locais e estabelecer um di\u00e1logo eficaz entre a sociedade civil e o poder p\u00fablico. Sua luta se fundamenta na defesa dos direitos humanos, na prote\u00e7\u00e3o do meio ambiente e na promo\u00e7\u00e3o de um desenvolvimento sustent\u00e1vel que n\u00e3o comprometa as comunidades locais.<\/p>\n<h2>Desafios da Preserva\u00e7\u00e3o Cultural<\/h2>\n<p>A preserva\u00e7\u00e3o cultural na regi\u00e3o de Ouro Preto est\u00e1 sob amea\u00e7a devido \u00e0 crescente atividade mineradora. O patrim\u00f4nio hist\u00f3rico, especialmente constru\u00e7\u00f5es de relev\u00e2ncia hist\u00f3rica como a Capela de Santo Amaro, \u00e9 afetado n\u00e3o somente fisicamente, mas tamb\u00e9m pela desvaloriza\u00e7\u00e3o da cultura local, que se torna vulner\u00e1vel sob a press\u00e3o da minera\u00e7\u00e3o. \u00c9 crucial que os esfor\u00e7os de conserva\u00e7\u00e3o e valoriza\u00e7\u00e3o sejam refor\u00e7ados, assegurando que a identidade cultural da regi\u00e3o esteja intacta.<\/p>\n<h2>A Serra de Botafogo em Perigo<\/h2>\n<p>A Serra de Botafogo, reconhecida por sua import\u00e2ncia ambiental e cultural, corre o risco de ser comprometida se as atividades de minera\u00e7\u00e3o n\u00e3o forem reguladas de maneira eficaz. Esta serra n\u00e3o apenas abriga rica biodiversidade, mas \u00e9 essencial para a recarga das bacias hidrogr\u00e1ficas do Rio Doce e do Rio das Velhas, que s\u00e3o vitais para o abastecimento h\u00eddrico de Belo Horizonte e sua regi\u00e3o metropolitana.<\/p>\n<p>O Projeto de Lei 1.116\/23, que tramitando na Assembleia, busca declarar a Serra de Botafogo como patrim\u00f4nio ambiental e cultural de Minas Gerais, reconhecendo a import\u00e2ncia de proteger esta \u00e1rea de significativas caracter\u00edsticas hist\u00f3ricas e naturais.<\/p>\n<h2>A Import\u00e2ncia da Participa\u00e7\u00e3o Popular<\/h2>\n<p>A participa\u00e7\u00e3o popular \u00e9 fundamental para o sucesso das estrat\u00e9gias de prote\u00e7\u00e3o ambiental e cultural em Ouro Preto. No contexto da visita, a inclus\u00e3o de diferentes segmentos da sociedade em discuss\u00f5es e decis\u00f5es referentes \u00e0 minera\u00e7\u00e3o \u00e9 essencial. A Comiss\u00e3o convidou representantes de v\u00e1rias institui\u00e7\u00f5es, incluindo o Minist\u00e9rio P\u00fablico de Minas Gerais e associa\u00e7\u00f5es comunit\u00e1rias, para promover um di\u00e1logo mais democr\u00e1tico e abrangente.<\/p>\n<h2>Debates sobre Minera\u00e7\u00e3o na Assembleia<\/h2>\n<p>A Assembleia Legislativa \u00e9 um espa\u00e7o vital para a discuss\u00e3o de quest\u00f5es relacionadas \u00e0 minera\u00e7\u00e3o. Os debates recentes destacam a urg\u00eancia de se revisar as pol\u00edticas p\u00fablicas que regem as atividades mineradoras, focando em suas consequ\u00eancias socioambientais. A transpar\u00eancia e a responsabilidade devem ser os pilares que guiam essas conversas, assegurando que as comunidades afetadas tenham voz e um papel ativo nas decis\u00f5es que impactam suas condi\u00e7\u00f5es de vida.<\/p>\n<h2>Projeto de Lei em Tramita\u00e7\u00e3o<\/h2>\n<p>O Projeto de Lei 1.116\/23, mencionado anteriormente, prop\u00f5e a prote\u00e7\u00e3o da Serra de Botafogo e a classifica\u00e7\u00e3o de \u00e1reas como patrim\u00f4nio significativo para o estado. Este projeto aguarda a designa\u00e7\u00e3o de um relator e \u00e9 fundamental para garantir que as riquezas culturais e ambientais da regi\u00e3o n\u00e3o sejam comprometidas em favor de interesses mineradores. A proposta \u00e9 uma resposta proativa frente aos desafios enfrentados pela comunidade e um sinal de que a prote\u00e7\u00e3o ambiental pode e deve estar alinhada ao desenvolvimento econ\u00f4mico.<\/p>\n","protected":false},"excerpt":{"rendered":"<p>Comiss\u00e3o de Meio Ambiente avalia impactos da minera\u00e7\u00e3o em Ouro Preto.<\/p>\n","protected":false},"author":1,"featured_media":4720,"comment_status":"open","ping_status":"open","sticky":false,"template":"","format":"standard","meta":{"footnotes":""},"categories":[5],"tags":[],"class_list":["post-4721","post","type-post","status-publish","format-standard","has-post-thumbnail","hentry","category-noticias","has_thumb"],"yoast_head":"<!-- This site is optimized with the Yoast SEO plugin v27.2 - https:\/\/yoast.com\/product\/yoast-seo-wordpress\/ -->\n<title>Comiss\u00e3o de Meio Ambiente visita duas comunidades em Ouro Preto | Guia Comercial de Ouro Preto MG<\/title>\n<meta name=\"robots\" content=\"index, follow, max-snippet:-1, max-image-preview:large, max-video-preview:-1\" \/>\n<link rel=\"canonical\" href=\"https:\/\/www.encontraminasgerais.com.br\/ouro-preto\/comissao-de-meio-ambiente-visita-duas-comunidades-em-ouro-preto\/\" \/>\n<meta property=\"og:locale\" content=\"pt_BR\" \/>\n<meta property=\"og:type\" content=\"article\" \/>\n<meta property=\"og:title\" content=\"Comiss\u00e3o de Meio Ambiente visita duas comunidades em Ouro Preto | Guia Comercial de Ouro Preto MG\" \/>\n<meta property=\"og:description\" content=\"Comiss\u00e3o de Meio Ambiente avalia impactos da minera\u00e7\u00e3o em Ouro Preto.\" \/>\n<meta property=\"og:url\" content=\"https:\/\/www.encontraminasgerais.com.br\/ouro-preto\/comissao-de-meio-ambiente-visita-duas-comunidades-em-ouro-preto\/\" \/>\n<meta property=\"og:site_name\" content=\"Guia Comercial de Ouro Preto MG\" \/>\n<meta property=\"article:published_time\" content=\"2026-05-01T09:38:17+00:00\" \/>\n<meta property=\"og:image\" content=\"https:\/\/www.encontraminasgerais.com.br\/ouro-preto\/wp-content\/uploads\/2026\/05\/comissao-de-meio-ambiente-visita-duas-comunidades-em-ouro-preto.webp\" \/>\n<meta name=\"author\" content=\"Encontra Ouro Preto\" \/>\n<meta name=\"twitter:card\" content=\"summary_large_image\" \/>\n<meta name=\"twitter:label1\" content=\"Escrito por\" \/>\n\t<meta name=\"twitter:data1\" content=\"Encontra Ouro Preto\" \/>\n\t<meta name=\"twitter:label2\" content=\"Est. tempo de leitura\" \/>\n\t<meta name=\"twitter:data2\" content=\"5 minutos\" \/>\n<script type=\"application\/ld+json\" class=\"yoast-schema-graph\">{\"@context\":\"https:\/\/schema.org\",\"@graph\":[{\"@type\":\"Article\",\"@id\":\"https:\/\/www.encontraminasgerais.com.br\/ouro-preto\/comissao-de-meio-ambiente-visita-duas-comunidades-em-ouro-preto\/#article\",\"isPartOf\":{\"@id\":\"https:\/\/www.encontraminasgerais.com.br\/ouro-preto\/comissao-de-meio-ambiente-visita-duas-comunidades-em-ouro-preto\/\"},\"author\":{\"name\":\"Encontra Ouro Preto\",\"@id\":\"https:\/\/www.encontraminasgerais.com.br\/ouro-preto\/#\/schema\/person\/d55d0e79e38dd7d6474efd815b181c4d\"},\"headline\":\"Comiss\u00e3o de Meio Ambiente visita duas comunidades em Ouro Preto\",\"datePublished\":\"2026-05-01T09:38:17+00:00\",\"mainEntityOfPage\":{\"@id\":\"https:\/\/www.encontraminasgerais.com.br\/ouro-preto\/comissao-de-meio-ambiente-visita-duas-comunidades-em-ouro-preto\/\"},\"wordCount\":984,\"commentCount\":0,\"image\":{\"@id\":\"https:\/\/www.encontraminasgerais.com.br\/ouro-preto\/comissao-de-meio-ambiente-visita-duas-comunidades-em-ouro-preto\/#primaryimage\"},\"thumbnailUrl\":\"https:\/\/www.encontraminasgerais.com.br\/ouro-preto\/wp-content\/uploads\/2026\/05\/comissao-de-meio-ambiente-visita-duas-comunidades-em-ouro-preto.webp\",\"articleSection\":[\"Not\u00edcias Ouro Preto\"],\"inLanguage\":\"pt-BR\",\"potentialAction\":[{\"@type\":\"CommentAction\",\"name\":\"Comment\",\"target\":[\"https:\/\/www.encontraminasgerais.com.br\/ouro-preto\/comissao-de-meio-ambiente-visita-duas-comunidades-em-ouro-preto\/#respond\"]}]},{\"@type\":\"WebPage\",\"@id\":\"https:\/\/www.encontraminasgerais.com.br\/ouro-preto\/comissao-de-meio-ambiente-visita-duas-comunidades-em-ouro-preto\/\",\"url\":\"https:\/\/www.encontraminasgerais.com.br\/ouro-preto\/comissao-de-meio-ambiente-visita-duas-comunidades-em-ouro-preto\/\",\"name\":\"Comiss\u00e3o de Meio Ambiente visita duas comunidades em Ouro Preto | Guia Comercial de Ouro Preto MG\",\"isPartOf\":{\"@id\":\"https:\/\/www.encontraminasgerais.com.br\/ouro-preto\/#website\"},\"primaryImageOfPage\":{\"@id\":\"https:\/\/www.encontraminasgerais.com.br\/ouro-preto\/comissao-de-meio-ambiente-visita-duas-comunidades-em-ouro-preto\/#primaryimage\"},\"image\":{\"@id\":\"https:\/\/www.encontraminasgerais.com.br\/ouro-preto\/comissao-de-meio-ambiente-visita-duas-comunidades-em-ouro-preto\/#primaryimage\"},\"thumbnailUrl\":\"https:\/\/www.encontraminasgerais.com.br\/ouro-preto\/wp-content\/uploads\/2026\/05\/comissao-de-meio-ambiente-visita-duas-comunidades-em-ouro-preto.webp\",\"datePublished\":\"2026-05-01T09:38:17+00:00\",\"author\":{\"@id\":\"https:\/\/www.encontraminasgerais.com.br\/ouro-preto\/#\/schema\/person\/d55d0e79e38dd7d6474efd815b181c4d\"},\"inLanguage\":\"pt-BR\",\"potentialAction\":[{\"@type\":\"ReadAction\",\"target\":[\"https:\/\/www.encontraminasgerais.com.br\/ouro-preto\/comissao-de-meio-ambiente-visita-duas-comunidades-em-ouro-preto\/\"]}]},{\"@type\":\"ImageObject\",\"inLanguage\":\"pt-BR\",\"@id\":\"https:\/\/www.encontraminasgerais.com.br\/ouro-preto\/comissao-de-meio-ambiente-visita-duas-comunidades-em-ouro-preto\/#primaryimage\",\"url\":\"https:\/\/www.encontraminasgerais.com.br\/ouro-preto\/wp-content\/uploads\/2026\/05\/comissao-de-meio-ambiente-visita-duas-comunidades-em-ouro-preto.webp\",\"contentUrl\":\"https:\/\/www.encontraminasgerais.com.br\/ouro-preto\/wp-content\/uploads\/2026\/05\/comissao-de-meio-ambiente-visita-duas-comunidades-em-ouro-preto.webp\",\"width\":280,\"height\":280,\"caption\":\"impacto da minera\u00e7\u00e3o\"},{\"@type\":\"WebSite\",\"@id\":\"https:\/\/www.encontraminasgerais.com.br\/ouro-preto\/#website\",\"url\":\"https:\/\/www.encontraminasgerais.com.br\/ouro-preto\/\",\"name\":\"Guia Comercial de Ouro Preto MG\",\"description\":\"O Encontra Ouro Preto \u00e9 o guia mais completo da cidade Ouro Preto com com\u00e9rcios, servi\u00e7os, noticias, jornal, hist\u00f3ria e lazer da cidade.\",\"potentialAction\":[{\"@type\":\"SearchAction\",\"target\":{\"@type\":\"EntryPoint\",\"urlTemplate\":\"https:\/\/www.encontraminasgerais.com.br\/ouro-preto\/?s={search_term_string}\"},\"query-input\":{\"@type\":\"PropertyValueSpecification\",\"valueRequired\":true,\"valueName\":\"search_term_string\"}}],\"inLanguage\":\"pt-BR\"},{\"@type\":\"Person\",\"@id\":\"https:\/\/www.encontraminasgerais.com.br\/ouro-preto\/#\/schema\/person\/d55d0e79e38dd7d6474efd815b181c4d\",\"name\":\"Encontra Ouro Preto\",\"image\":{\"@type\":\"ImageObject\",\"inLanguage\":\"pt-BR\",\"@id\":\"https:\/\/secure.gravatar.com\/avatar\/c50c17820bcf322f0a8fd6b110b8c0918141409dc69076470f6fca5fee70a5d4?s=96&d=mm&r=g\",\"url\":\"https:\/\/secure.gravatar.com\/avatar\/c50c17820bcf322f0a8fd6b110b8c0918141409dc69076470f6fca5fee70a5d4?s=96&d=mm&r=g\",\"contentUrl\":\"https:\/\/secure.gravatar.com\/avatar\/c50c17820bcf322f0a8fd6b110b8c0918141409dc69076470f6fca5fee70a5d4?s=96&d=mm&r=g\",\"caption\":\"Encontra Ouro Preto\"},\"url\":\"https:\/\/www.encontraminasgerais.com.br\/ouro-preto\/author\/encontraouropreto\/\"}]}<\/script>\n<!-- \/ Yoast SEO plugin. -->","yoast_head_json":{"title":"Comiss\u00e3o de Meio Ambiente visita duas comunidades em Ouro Preto | Guia Comercial de Ouro Preto MG","robots":{"index":"index","follow":"follow","max-snippet":"max-snippet:-1","max-image-preview":"max-image-preview:large","max-video-preview":"max-video-preview:-1"},"canonical":"https:\/\/www.encontraminasgerais.com.br\/ouro-preto\/comissao-de-meio-ambiente-visita-duas-comunidades-em-ouro-preto\/","og_locale":"pt_BR","og_type":"article","og_title":"Comiss\u00e3o de Meio Ambiente visita duas comunidades em Ouro Preto | Guia Comercial de Ouro Preto MG","og_description":"Comiss\u00e3o de Meio Ambiente avalia impactos da minera\u00e7\u00e3o em Ouro Preto.","og_url":"https:\/\/www.encontraminasgerais.com.br\/ouro-preto\/comissao-de-meio-ambiente-visita-duas-comunidades-em-ouro-preto\/","og_site_name":"Guia Comercial de Ouro Preto MG","article_published_time":"2026-05-01T09:38:17+00:00","og_image":[{"url":"https:\/\/www.encontraminasgerais.com.br\/ouro-preto\/wp-content\/uploads\/2026\/05\/comissao-de-meio-ambiente-visita-duas-comunidades-em-ouro-preto.webp","type":"","width":"","height":""}],"author":"Encontra Ouro Preto","twitter_card":"summary_large_image","twitter_misc":{"Escrito por":"Encontra Ouro Preto","Est. tempo de leitura":"5 minutos"},"schema":{"@context":"https:\/\/schema.org","@graph":[{"@type":"Article","@id":"https:\/\/www.encontraminasgerais.com.br\/ouro-preto\/comissao-de-meio-ambiente-visita-duas-comunidades-em-ouro-preto\/#article","isPartOf":{"@id":"https:\/\/www.encontraminasgerais.com.br\/ouro-preto\/comissao-de-meio-ambiente-visita-duas-comunidades-em-ouro-preto\/"},"author":{"name":"Encontra Ouro Preto","@id":"https:\/\/www.encontraminasgerais.com.br\/ouro-preto\/#\/schema\/person\/d55d0e79e38dd7d6474efd815b181c4d"},"headline":"Comiss\u00e3o de Meio Ambiente visita duas comunidades em Ouro Preto","datePublished":"2026-05-01T09:38:17+00:00","mainEntityOfPage":{"@id":"https:\/\/www.encontraminasgerais.com.br\/ouro-preto\/comissao-de-meio-ambiente-visita-duas-comunidades-em-ouro-preto\/"},"wordCount":984,"commentCount":0,"image":{"@id":"https:\/\/www.encontraminasgerais.com.br\/ouro-preto\/comissao-de-meio-ambiente-visita-duas-comunidades-em-ouro-preto\/#primaryimage"},"thumbnailUrl":"https:\/\/www.encontraminasgerais.com.br\/ouro-preto\/wp-content\/uploads\/2026\/05\/comissao-de-meio-ambiente-visita-duas-comunidades-em-ouro-preto.webp","articleSection":["Not\u00edcias Ouro Preto"],"inLanguage":"pt-BR","potentialAction":[{"@type":"CommentAction","name":"Comment","target":["https:\/\/www.encontraminasgerais.com.br\/ouro-preto\/comissao-de-meio-ambiente-visita-duas-comunidades-em-ouro-preto\/#respond"]}]},{"@type":"WebPage","@id":"https:\/\/www.encontraminasgerais.com.br\/ouro-preto\/comissao-de-meio-ambiente-visita-duas-comunidades-em-ouro-preto\/","url":"https:\/\/www.encontraminasgerais.com.br\/ouro-preto\/comissao-de-meio-ambiente-visita-duas-comunidades-em-ouro-preto\/","name":"Comiss\u00e3o de Meio Ambiente visita duas comunidades em Ouro Preto | Guia Comercial de Ouro Preto MG","isPartOf":{"@id":"https:\/\/www.encontraminasgerais.com.br\/ouro-preto\/#website"},"primaryImageOfPage":{"@id":"https:\/\/www.encontraminasgerais.com.br\/ouro-preto\/comissao-de-meio-ambiente-visita-duas-comunidades-em-ouro-preto\/#primaryimage"},"image":{"@id":"https:\/\/www.encontraminasgerais.com.br\/ouro-preto\/comissao-de-meio-ambiente-visita-duas-comunidades-em-ouro-preto\/#primaryimage"},"thumbnailUrl":"https:\/\/www.encontraminasgerais.com.br\/ouro-preto\/wp-content\/uploads\/2026\/05\/comissao-de-meio-ambiente-visita-duas-comunidades-em-ouro-preto.webp","datePublished":"2026-05-01T09:38:17+00:00","author":{"@id":"https:\/\/www.encontraminasgerais.com.br\/ouro-preto\/#\/schema\/person\/d55d0e79e38dd7d6474efd815b181c4d"},"inLanguage":"pt-BR","potentialAction":[{"@type":"ReadAction","target":["https:\/\/www.encontraminasgerais.com.br\/ouro-preto\/comissao-de-meio-ambiente-visita-duas-comunidades-em-ouro-preto\/"]}]},{"@type":"ImageObject","inLanguage":"pt-BR","@id":"https:\/\/www.encontraminasgerais.com.br\/ouro-preto\/comissao-de-meio-ambiente-visita-duas-comunidades-em-ouro-preto\/#primaryimage","url":"https:\/\/www.encontraminasgerais.com.br\/ouro-preto\/wp-content\/uploads\/2026\/05\/comissao-de-meio-ambiente-visita-duas-comunidades-em-ouro-preto.webp","contentUrl":"https:\/\/www.encontraminasgerais.com.br\/ouro-preto\/wp-content\/uploads\/2026\/05\/comissao-de-meio-ambiente-visita-duas-comunidades-em-ouro-preto.webp","width":280,"height":280,"caption":"impacto da minera\u00e7\u00e3o"},{"@type":"WebSite","@id":"https:\/\/www.encontraminasgerais.com.br\/ouro-preto\/#website","url":"https:\/\/www.encontraminasgerais.com.br\/ouro-preto\/","name":"Guia Comercial de Ouro Preto MG","description":"O Encontra Ouro Preto \u00e9 o guia mais completo da cidade Ouro Preto com com\u00e9rcios, servi\u00e7os, noticias, jornal, hist\u00f3ria e lazer da cidade.","potentialAction":[{"@type":"SearchAction","target":{"@type":"EntryPoint","urlTemplate":"https:\/\/www.encontraminasgerais.com.br\/ouro-preto\/?s={search_term_string}"},"query-input":{"@type":"PropertyValueSpecification","valueRequired":true,"valueName":"search_term_string"}}],"inLanguage":"pt-BR"},{"@type":"Person","@id":"https:\/\/www.encontraminasgerais.com.br\/ouro-preto\/#\/schema\/person\/d55d0e79e38dd7d6474efd815b181c4d","name":"Encontra Ouro Preto","image":{"@type":"ImageObject","inLanguage":"pt-BR","@id":"https:\/\/secure.gravatar.com\/avatar\/c50c17820bcf322f0a8fd6b110b8c0918141409dc69076470f6fca5fee70a5d4?s=96&d=mm&r=g","url":"https:\/\/secure.gravatar.com\/avatar\/c50c17820bcf322f0a8fd6b110b8c0918141409dc69076470f6fca5fee70a5d4?s=96&d=mm&r=g","contentUrl":"https:\/\/secure.gravatar.com\/avatar\/c50c17820bcf322f0a8fd6b110b8c0918141409dc69076470f6fca5fee70a5d4?s=96&d=mm&r=g","caption":"Encontra Ouro Preto"},"url":"https:\/\/www.encontraminasgerais.com.br\/ouro-preto\/author\/encontraouropreto\/"}]}},"_links":{"self":[{"href":"https:\/\/www.encontraminasgerais.com.br\/ouro-preto\/wp-json\/wp\/v2\/posts\/4721","targetHints":{"allow":["GET"]}}],"collection":[{"href":"https:\/\/www.encontraminasgerais.com.br\/ouro-preto\/wp-json\/wp\/v2\/posts"}],"about":[{"href":"https:\/\/www.encontraminasgerais.com.br\/ouro-preto\/wp-json\/wp\/v2\/types\/post"}],"author":[{"embeddable":true,"href":"https:\/\/www.encontraminasgerais.com.br\/ouro-preto\/wp-json\/wp\/v2\/users\/1"}],"replies":[{"embeddable":true,"href":"https:\/\/www.encontraminasgerais.com.br\/ouro-preto\/wp-json\/wp\/v2\/comments?post=4721"}],"version-history":[{"count":0,"href":"https:\/\/www.encontraminasgerais.com.br\/ouro-preto\/wp-json\/wp\/v2\/posts\/4721\/revisions"}],"wp:featuredmedia":[{"embeddable":true,"href":"https:\/\/www.encontraminasgerais.com.br\/ouro-preto\/wp-json\/wp\/v2\/media\/4720"}],"wp:attachment":[{"href":"https:\/\/www.encontraminasgerais.com.br\/ouro-preto\/wp-json\/wp\/v2\/media?parent=4721"}],"wp:term":[{"taxonomy":"category","embeddable":true,"href":"https:\/\/www.encontraminasgerais.com.br\/ouro-preto\/wp-json\/wp\/v2\/categories?post=4721"},{"taxonomy":"post_tag","embeddable":true,"href":"https:\/\/www.encontraminasgerais.com.br\/ouro-preto\/wp-json\/wp\/v2\/tags?post=4721"}],"curies":[{"name":"wp","href":"https:\/\/api.w.org\/{rel}","templated":true}]}}