{"id":4723,"date":"2026-05-01T06:39:44","date_gmt":"2026-05-01T09:39:44","guid":{"rendered":"https:\/\/www.encontraminasgerais.com.br\/ouro-preto\/ouro-preto-se-destaca-na-saude-e-conquista-selo-prata-de-imunizacao-em-minas-gerais\/"},"modified":"2026-05-01T06:39:44","modified_gmt":"2026-05-01T09:39:44","slug":"ouro-preto-se-destaca-na-saude-e-conquista-selo-prata-de-imunizacao-em-minas-gerais","status":"publish","type":"post","link":"https:\/\/www.encontraminasgerais.com.br\/ouro-preto\/ouro-preto-se-destaca-na-saude-e-conquista-selo-prata-de-imunizacao-em-minas-gerais\/","title":{"rendered":"Ouro Preto se destaca na sa\u00fade e conquista Selo Prata de Imuniza\u00e7\u00e3o em Minas Gerais"},"content":{"rendered":"<h2>Hist\u00f3rico das Vacinas em Ouro Preto<\/h2>\n<p>A trajet\u00f3ria da vacina\u00e7\u00e3o em <strong>Ouro Preto<\/strong> se destaca como um exemplo de sucesso na sa\u00fade p\u00fablica. Ao longo dos anos, o munic\u00edpio investiu em campanhas de imuniza\u00e7\u00e3o que visam n\u00e3o apenas proteger a popula\u00e7\u00e3o infantil, mas tamb\u00e9m garantir a sa\u00fade geral da comunidade. As estrat\u00e9gias adotadas pelas equipes de sa\u00fade foram fundamentais para aumentar a conscientiza\u00e7\u00e3o e a ades\u00e3o \u00e0s vacinas, refletindo na alta cobertura vacinal.<\/p>\n<h2>O que \u00e9 o Selo Prata de Imuniza\u00e7\u00e3o?<\/h2>\n<p>O <strong>Selo Prata de Imuniza\u00e7\u00e3o<\/strong> \u00e9 uma certifica\u00e7\u00e3o concedida pelo Governo de Minas Gerais que reconhece os munic\u00edpios que alcan\u00e7am metas significativas de cobertura vacinal. No caso de Ouro Preto, essa honraria foi recebida ao apresentar uma cobertura de 95% em 11 das 14 vacinas infantis previstas no Calend\u00e1rio Nacional de Vacina\u00e7\u00e3o. Essa conquista n\u00e3o apenas serve para valorizar o trabalho das equipes de sa\u00fade locais, mas tamb\u00e9m para incentivar melhorias cont\u00ednuas na \u00e1rea de imuniza\u00e7\u00e3o.<\/p>\n<h2>Import\u00e2ncia da Imuniza\u00e7\u00e3o na Sa\u00fade P\u00fablica<\/h2>\n<p>A imuniza\u00e7\u00e3o desempenha um papel vital na sa\u00fade p\u00fablica, pois \u00e9 respons\u00e1vel por prevenir diversas doen\u00e7as que podem ser fatais ou causar complica\u00e7\u00f5es graves nas crian\u00e7as. Ao promover a vacina\u00e7\u00e3o, Ouro Preto n\u00e3o apenas protege sua popula\u00e7\u00e3o, mas tamb\u00e9m busca a erradica\u00e7\u00e3o e o controle de doen\u00e7as, contribuindo para a sa\u00fade coletiva. A imuniza\u00e7\u00e3o \u00e9 uma ferramenta essencial para garantir a qualidade de vida e o bem-estar dos cidad\u00e3os, evitando surtos de doen\u00e7as preven\u00edveis.<\/p>\n<p><img decoding=\"async\" src=\"https:\/\/www.encontraminasgerais.com.br\/ouro-preto\/wp-content\/uploads\/2026\/05\/ouro-preto-se-destaca-na-saude-e-conquista-selo-prata-de-imunizacao-em-minas-gerais.webp\" alt=\"Ouro Preto Selo Prata de Imuniza\u00e7\u00e3o\" loading=\"lazy\" \/><\/p>\n<h2>Desafios para Atingir o Selo Ouro<\/h2>\n<p>Passar do <strong>Selo Prata<\/strong> para o <strong>Selo Ouro<\/strong> representa um novo desafio significativo para a gest\u00e3o da sa\u00fade em Ouro Preto. A certifica\u00e7\u00e3o ouro exige que a cidade atinja 95% de cobertura em todas as 14 vacinas do calend\u00e1rio, um objetivo mais ambicioso que requer estrat\u00e9gias novas e integradas. As equipes de sa\u00fade j\u00e1 est\u00e3o se mobilizando para potencializar a busca ativa de vacinas, garantindo que cada crian\u00e7a receba a imuniza\u00e7\u00e3o necess\u00e1ria.<\/p>\n<h2>A Contribui\u00e7\u00e3o das Equipes de Sa\u00fade<\/h2>\n<p>O sucesso na conquista do Selo Prata \u00e9, sem d\u00favida, resultado do empenho das equipes de sa\u00fade de Ouro Preto. Profissionais dedicados da <strong>Aten\u00e7\u00e3o Prim\u00e1ria<\/strong> e <strong>Vigil\u00e2ncia Epidemiol\u00f3gica<\/strong> desempenharam um papel crucial nesse cen\u00e1rio, utilizando metodologias que variam desde campanhas educativas at\u00e9 a organiza\u00e7\u00e3o de mutir\u00f5es de vacina\u00e7\u00e3o. Cada membro da equipe contribui para a conscientiza\u00e7\u00e3o da popula\u00e7\u00e3o sobre a import\u00e2ncia da imuniza\u00e7\u00e3o, estreitando o relacionamento com a comunidade.<\/p>\n<h2>Eventos que Celebram as Conquistas<\/h2>\n<p>No in\u00edcio de abril de 2026, a entrega do Selo Prata foi celebrada durante o evento <strong>Conex\u00e3o Minas-Sa\u00fade<\/strong>, em Belo Horizonte. Esse evento n\u00e3o apenas simbolizou a conquista de Ouro Preto, mas tamb\u00e9m serviu como uma plataforma para compartilhar experi\u00eancias e boas pr\u00e1ticas entre os munic\u00edpios mineiros. As celebra\u00e7\u00f5es ajudam a refor\u00e7ar a import\u00e2ncia da vacina\u00e7\u00e3o e a unir esfor\u00e7os em prol da sa\u00fade p\u00fablica.<\/p>\n<h2>Impacto da Vacina\u00e7\u00e3o na Comunidade<\/h2>\n<p>O impacto das altas taxas de vacina\u00e7\u00e3o na comunidade \u00e9 vis\u00edvel atrav\u00e9s da redu\u00e7\u00e3o de interna\u00e7\u00f5es por doen\u00e7as preven\u00edveis. Al\u00e9m disso, as fam\u00edlias se sentem mais seguras sabendo que seus filhos est\u00e3o imunizados contra enfermidades que poderiam afetar o crescimento e desenvolvimento deles. Esse aumento na confian\u00e7a tamb\u00e9m resulta em uma comunidade mais saud\u00e1vel e coesa, onde todos t\u00eam um papel ativo no cuidado coletivo.<\/p>\n<h2>Iniciativas do Governo de Minas Gerais<\/h2>\n<p>O programa <strong>Selo Bora Vacinar<\/strong>, implantado pelo Governo de Minas, tem sido um importante aliado para os munic\u00edpios, como Ouro Preto, ao fornecer suporte e recursos para garantir uma vacina\u00e7\u00e3o efetiva. As diretrizes e campanhas estaduais aumentaram a visibilidade das quest\u00f5es vacinais e proporcionaram forma\u00e7\u00f5es espec\u00edficas para as equipes de sa\u00fade, contribuindo para a melhoria da gest\u00e3o local.<\/p>\n<h2>Expectativas para o Futuro da Sa\u00fade em Ouro Preto<\/h2>\n<p>Com a conquista do Selo Prata, Ouro Preto agora volta suas aten\u00e7\u00f5es para as metas do Selo Ouro, que representa n\u00e3o apenas uma meta mais elevada, mas um compromisso renovado com a sa\u00fade e bem-estar da popula\u00e7\u00e3o. A expectativa \u00e9 que a cidade continue a inovar em suas estrat\u00e9gias de vacina\u00e7\u00e3o, buscando sempre garantir que cada crian\u00e7a na cidade receba as imuniza\u00e7\u00f5es necess\u00e1rias, protegendo assim toda a comunidade.<\/p>\n<h2>Depoimentos de Profissionais de Sa\u00fade<\/h2>\n<p>Profissionais da sa\u00fade em Ouro Preto destacam a import\u00e2ncia dessa conquista, ressaltando que o reconhecimento ao trabalho desempenhado \u00e9 motivador para continuar indo al\u00e9m. <strong>Leandro Moreira<\/strong>, secret\u00e1rio municipal de sa\u00fade, afirmou: &#8220;Esse reconhecimento \u00e9 resultado do esfor\u00e7o coletivo das equipes de sa\u00fade. Cada vit\u00f3ria \u00e9 importante para reafirmar nosso compromisso com a sa\u00fade das fam\u00edlias de Ouro Preto&#8221;.<\/p>\n","protected":false},"excerpt":{"rendered":"<p>Ouro Preto conquista Selo Prata de Imuniza\u00e7\u00e3o, refor\u00e7ando sua sa\u00fade p\u00fablica.<\/p>\n","protected":false},"author":1,"featured_media":4722,"comment_status":"open","ping_status":"open","sticky":false,"template":"","format":"standard","meta":{"footnotes":""},"categories":[5],"tags":[],"class_list":["post-4723","post","type-post","status-publish","format-standard","has-post-thumbnail","hentry","category-noticias","has_thumb"],"yoast_head":"<!-- This site is optimized with the Yoast SEO plugin v27.2 - https:\/\/yoast.com\/product\/yoast-seo-wordpress\/ -->\n<title>Ouro Preto se destaca na sa\u00fade e conquista Selo Prata de Imuniza\u00e7\u00e3o em Minas Gerais | Guia Comercial de Ouro Preto MG<\/title>\n<meta name=\"robots\" content=\"index, follow, max-snippet:-1, max-image-preview:large, max-video-preview:-1\" \/>\n<link rel=\"canonical\" href=\"https:\/\/www.encontraminasgerais.com.br\/ouro-preto\/ouro-preto-se-destaca-na-saude-e-conquista-selo-prata-de-imunizacao-em-minas-gerais\/\" \/>\n<meta property=\"og:locale\" content=\"pt_BR\" \/>\n<meta property=\"og:type\" content=\"article\" \/>\n<meta property=\"og:title\" content=\"Ouro Preto se destaca na sa\u00fade e conquista Selo Prata de Imuniza\u00e7\u00e3o em Minas Gerais | Guia Comercial de Ouro Preto MG\" \/>\n<meta property=\"og:description\" content=\"Ouro Preto conquista Selo Prata de Imuniza\u00e7\u00e3o, refor\u00e7ando sua sa\u00fade p\u00fablica.\" \/>\n<meta property=\"og:url\" content=\"https:\/\/www.encontraminasgerais.com.br\/ouro-preto\/ouro-preto-se-destaca-na-saude-e-conquista-selo-prata-de-imunizacao-em-minas-gerais\/\" \/>\n<meta property=\"og:site_name\" content=\"Guia Comercial de Ouro Preto MG\" \/>\n<meta property=\"article:published_time\" content=\"2026-05-01T09:39:44+00:00\" \/>\n<meta property=\"og:image\" content=\"https:\/\/www.encontraminasgerais.com.br\/ouro-preto\/wp-content\/uploads\/2026\/05\/ouro-preto-se-destaca-na-saude-e-conquista-selo-prata-de-imunizacao-em-minas-gerais.webp\" \/>\n<meta name=\"author\" content=\"Encontra Ouro Preto\" \/>\n<meta name=\"twitter:card\" content=\"summary_large_image\" \/>\n<meta name=\"twitter:label1\" content=\"Escrito por\" \/>\n\t<meta name=\"twitter:data1\" content=\"Encontra Ouro Preto\" \/>\n\t<meta name=\"twitter:label2\" content=\"Est. tempo de leitura\" \/>\n\t<meta name=\"twitter:data2\" content=\"4 minutos\" \/>\n<script type=\"application\/ld+json\" class=\"yoast-schema-graph\">{\"@context\":\"https:\/\/schema.org\",\"@graph\":[{\"@type\":\"Article\",\"@id\":\"https:\/\/www.encontraminasgerais.com.br\/ouro-preto\/ouro-preto-se-destaca-na-saude-e-conquista-selo-prata-de-imunizacao-em-minas-gerais\/#article\",\"isPartOf\":{\"@id\":\"https:\/\/www.encontraminasgerais.com.br\/ouro-preto\/ouro-preto-se-destaca-na-saude-e-conquista-selo-prata-de-imunizacao-em-minas-gerais\/\"},\"author\":{\"name\":\"Encontra Ouro Preto\",\"@id\":\"https:\/\/www.encontraminasgerais.com.br\/ouro-preto\/#\/schema\/person\/d55d0e79e38dd7d6474efd815b181c4d\"},\"headline\":\"Ouro Preto se destaca na sa\u00fade e conquista Selo Prata de Imuniza\u00e7\u00e3o em Minas Gerais\",\"datePublished\":\"2026-05-01T09:39:44+00:00\",\"mainEntityOfPage\":{\"@id\":\"https:\/\/www.encontraminasgerais.com.br\/ouro-preto\/ouro-preto-se-destaca-na-saude-e-conquista-selo-prata-de-imunizacao-em-minas-gerais\/\"},\"wordCount\":868,\"commentCount\":0,\"image\":{\"@id\":\"https:\/\/www.encontraminasgerais.com.br\/ouro-preto\/ouro-preto-se-destaca-na-saude-e-conquista-selo-prata-de-imunizacao-em-minas-gerais\/#primaryimage\"},\"thumbnailUrl\":\"https:\/\/www.encontraminasgerais.com.br\/ouro-preto\/wp-content\/uploads\/2026\/05\/ouro-preto-se-destaca-na-saude-e-conquista-selo-prata-de-imunizacao-em-minas-gerais.webp\",\"articleSection\":[\"Not\u00edcias Ouro Preto\"],\"inLanguage\":\"pt-BR\",\"potentialAction\":[{\"@type\":\"CommentAction\",\"name\":\"Comment\",\"target\":[\"https:\/\/www.encontraminasgerais.com.br\/ouro-preto\/ouro-preto-se-destaca-na-saude-e-conquista-selo-prata-de-imunizacao-em-minas-gerais\/#respond\"]}]},{\"@type\":\"WebPage\",\"@id\":\"https:\/\/www.encontraminasgerais.com.br\/ouro-preto\/ouro-preto-se-destaca-na-saude-e-conquista-selo-prata-de-imunizacao-em-minas-gerais\/\",\"url\":\"https:\/\/www.encontraminasgerais.com.br\/ouro-preto\/ouro-preto-se-destaca-na-saude-e-conquista-selo-prata-de-imunizacao-em-minas-gerais\/\",\"name\":\"Ouro Preto se destaca na sa\u00fade e conquista Selo Prata de Imuniza\u00e7\u00e3o em Minas Gerais | Guia Comercial de Ouro Preto MG\",\"isPartOf\":{\"@id\":\"https:\/\/www.encontraminasgerais.com.br\/ouro-preto\/#website\"},\"primaryImageOfPage\":{\"@id\":\"https:\/\/www.encontraminasgerais.com.br\/ouro-preto\/ouro-preto-se-destaca-na-saude-e-conquista-selo-prata-de-imunizacao-em-minas-gerais\/#primaryimage\"},\"image\":{\"@id\":\"https:\/\/www.encontraminasgerais.com.br\/ouro-preto\/ouro-preto-se-destaca-na-saude-e-conquista-selo-prata-de-imunizacao-em-minas-gerais\/#primaryimage\"},\"thumbnailUrl\":\"https:\/\/www.encontraminasgerais.com.br\/ouro-preto\/wp-content\/uploads\/2026\/05\/ouro-preto-se-destaca-na-saude-e-conquista-selo-prata-de-imunizacao-em-minas-gerais.webp\",\"datePublished\":\"2026-05-01T09:39:44+00:00\",\"author\":{\"@id\":\"https:\/\/www.encontraminasgerais.com.br\/ouro-preto\/#\/schema\/person\/d55d0e79e38dd7d6474efd815b181c4d\"},\"inLanguage\":\"pt-BR\",\"potentialAction\":[{\"@type\":\"ReadAction\",\"target\":[\"https:\/\/www.encontraminasgerais.com.br\/ouro-preto\/ouro-preto-se-destaca-na-saude-e-conquista-selo-prata-de-imunizacao-em-minas-gerais\/\"]}]},{\"@type\":\"ImageObject\",\"inLanguage\":\"pt-BR\",\"@id\":\"https:\/\/www.encontraminasgerais.com.br\/ouro-preto\/ouro-preto-se-destaca-na-saude-e-conquista-selo-prata-de-imunizacao-em-minas-gerais\/#primaryimage\",\"url\":\"https:\/\/www.encontraminasgerais.com.br\/ouro-preto\/wp-content\/uploads\/2026\/05\/ouro-preto-se-destaca-na-saude-e-conquista-selo-prata-de-imunizacao-em-minas-gerais.webp\",\"contentUrl\":\"https:\/\/www.encontraminasgerais.com.br\/ouro-preto\/wp-content\/uploads\/2026\/05\/ouro-preto-se-destaca-na-saude-e-conquista-selo-prata-de-imunizacao-em-minas-gerais.webp\",\"width\":280,\"height\":280,\"caption\":\"Ouro Preto Selo Prata de Imuniza\u00e7\u00e3o\"},{\"@type\":\"WebSite\",\"@id\":\"https:\/\/www.encontraminasgerais.com.br\/ouro-preto\/#website\",\"url\":\"https:\/\/www.encontraminasgerais.com.br\/ouro-preto\/\",\"name\":\"Guia Comercial de Ouro Preto MG\",\"description\":\"O Encontra Ouro Preto \u00e9 o guia mais completo da cidade Ouro Preto com com\u00e9rcios, servi\u00e7os, noticias, jornal, hist\u00f3ria e lazer da cidade.\",\"potentialAction\":[{\"@type\":\"SearchAction\",\"target\":{\"@type\":\"EntryPoint\",\"urlTemplate\":\"https:\/\/www.encontraminasgerais.com.br\/ouro-preto\/?s={search_term_string}\"},\"query-input\":{\"@type\":\"PropertyValueSpecification\",\"valueRequired\":true,\"valueName\":\"search_term_string\"}}],\"inLanguage\":\"pt-BR\"},{\"@type\":\"Person\",\"@id\":\"https:\/\/www.encontraminasgerais.com.br\/ouro-preto\/#\/schema\/person\/d55d0e79e38dd7d6474efd815b181c4d\",\"name\":\"Encontra Ouro Preto\",\"image\":{\"@type\":\"ImageObject\",\"inLanguage\":\"pt-BR\",\"@id\":\"https:\/\/secure.gravatar.com\/avatar\/c50c17820bcf322f0a8fd6b110b8c0918141409dc69076470f6fca5fee70a5d4?s=96&d=mm&r=g\",\"url\":\"https:\/\/secure.gravatar.com\/avatar\/c50c17820bcf322f0a8fd6b110b8c0918141409dc69076470f6fca5fee70a5d4?s=96&d=mm&r=g\",\"contentUrl\":\"https:\/\/secure.gravatar.com\/avatar\/c50c17820bcf322f0a8fd6b110b8c0918141409dc69076470f6fca5fee70a5d4?s=96&d=mm&r=g\",\"caption\":\"Encontra Ouro Preto\"},\"url\":\"https:\/\/www.encontraminasgerais.com.br\/ouro-preto\/author\/encontraouropreto\/\"}]}<\/script>\n<!-- \/ Yoast SEO plugin. -->","yoast_head_json":{"title":"Ouro Preto se destaca na sa\u00fade e conquista Selo Prata de Imuniza\u00e7\u00e3o em Minas Gerais | Guia Comercial de Ouro Preto MG","robots":{"index":"index","follow":"follow","max-snippet":"max-snippet:-1","max-image-preview":"max-image-preview:large","max-video-preview":"max-video-preview:-1"},"canonical":"https:\/\/www.encontraminasgerais.com.br\/ouro-preto\/ouro-preto-se-destaca-na-saude-e-conquista-selo-prata-de-imunizacao-em-minas-gerais\/","og_locale":"pt_BR","og_type":"article","og_title":"Ouro Preto se destaca na sa\u00fade e conquista Selo Prata de Imuniza\u00e7\u00e3o em Minas Gerais | Guia Comercial de Ouro Preto MG","og_description":"Ouro Preto conquista Selo Prata de Imuniza\u00e7\u00e3o, refor\u00e7ando sua sa\u00fade p\u00fablica.","og_url":"https:\/\/www.encontraminasgerais.com.br\/ouro-preto\/ouro-preto-se-destaca-na-saude-e-conquista-selo-prata-de-imunizacao-em-minas-gerais\/","og_site_name":"Guia Comercial de Ouro Preto MG","article_published_time":"2026-05-01T09:39:44+00:00","og_image":[{"url":"https:\/\/www.encontraminasgerais.com.br\/ouro-preto\/wp-content\/uploads\/2026\/05\/ouro-preto-se-destaca-na-saude-e-conquista-selo-prata-de-imunizacao-em-minas-gerais.webp","type":"","width":"","height":""}],"author":"Encontra Ouro Preto","twitter_card":"summary_large_image","twitter_misc":{"Escrito por":"Encontra Ouro Preto","Est. tempo de leitura":"4 minutos"},"schema":{"@context":"https:\/\/schema.org","@graph":[{"@type":"Article","@id":"https:\/\/www.encontraminasgerais.com.br\/ouro-preto\/ouro-preto-se-destaca-na-saude-e-conquista-selo-prata-de-imunizacao-em-minas-gerais\/#article","isPartOf":{"@id":"https:\/\/www.encontraminasgerais.com.br\/ouro-preto\/ouro-preto-se-destaca-na-saude-e-conquista-selo-prata-de-imunizacao-em-minas-gerais\/"},"author":{"name":"Encontra Ouro Preto","@id":"https:\/\/www.encontraminasgerais.com.br\/ouro-preto\/#\/schema\/person\/d55d0e79e38dd7d6474efd815b181c4d"},"headline":"Ouro Preto se destaca na sa\u00fade e conquista Selo Prata de Imuniza\u00e7\u00e3o em Minas Gerais","datePublished":"2026-05-01T09:39:44+00:00","mainEntityOfPage":{"@id":"https:\/\/www.encontraminasgerais.com.br\/ouro-preto\/ouro-preto-se-destaca-na-saude-e-conquista-selo-prata-de-imunizacao-em-minas-gerais\/"},"wordCount":868,"commentCount":0,"image":{"@id":"https:\/\/www.encontraminasgerais.com.br\/ouro-preto\/ouro-preto-se-destaca-na-saude-e-conquista-selo-prata-de-imunizacao-em-minas-gerais\/#primaryimage"},"thumbnailUrl":"https:\/\/www.encontraminasgerais.com.br\/ouro-preto\/wp-content\/uploads\/2026\/05\/ouro-preto-se-destaca-na-saude-e-conquista-selo-prata-de-imunizacao-em-minas-gerais.webp","articleSection":["Not\u00edcias Ouro Preto"],"inLanguage":"pt-BR","potentialAction":[{"@type":"CommentAction","name":"Comment","target":["https:\/\/www.encontraminasgerais.com.br\/ouro-preto\/ouro-preto-se-destaca-na-saude-e-conquista-selo-prata-de-imunizacao-em-minas-gerais\/#respond"]}]},{"@type":"WebPage","@id":"https:\/\/www.encontraminasgerais.com.br\/ouro-preto\/ouro-preto-se-destaca-na-saude-e-conquista-selo-prata-de-imunizacao-em-minas-gerais\/","url":"https:\/\/www.encontraminasgerais.com.br\/ouro-preto\/ouro-preto-se-destaca-na-saude-e-conquista-selo-prata-de-imunizacao-em-minas-gerais\/","name":"Ouro Preto se destaca na sa\u00fade e conquista Selo Prata de Imuniza\u00e7\u00e3o em Minas Gerais | Guia Comercial de Ouro Preto MG","isPartOf":{"@id":"https:\/\/www.encontraminasgerais.com.br\/ouro-preto\/#website"},"primaryImageOfPage":{"@id":"https:\/\/www.encontraminasgerais.com.br\/ouro-preto\/ouro-preto-se-destaca-na-saude-e-conquista-selo-prata-de-imunizacao-em-minas-gerais\/#primaryimage"},"image":{"@id":"https:\/\/www.encontraminasgerais.com.br\/ouro-preto\/ouro-preto-se-destaca-na-saude-e-conquista-selo-prata-de-imunizacao-em-minas-gerais\/#primaryimage"},"thumbnailUrl":"https:\/\/www.encontraminasgerais.com.br\/ouro-preto\/wp-content\/uploads\/2026\/05\/ouro-preto-se-destaca-na-saude-e-conquista-selo-prata-de-imunizacao-em-minas-gerais.webp","datePublished":"2026-05-01T09:39:44+00:00","author":{"@id":"https:\/\/www.encontraminasgerais.com.br\/ouro-preto\/#\/schema\/person\/d55d0e79e38dd7d6474efd815b181c4d"},"inLanguage":"pt-BR","potentialAction":[{"@type":"ReadAction","target":["https:\/\/www.encontraminasgerais.com.br\/ouro-preto\/ouro-preto-se-destaca-na-saude-e-conquista-selo-prata-de-imunizacao-em-minas-gerais\/"]}]},{"@type":"ImageObject","inLanguage":"pt-BR","@id":"https:\/\/www.encontraminasgerais.com.br\/ouro-preto\/ouro-preto-se-destaca-na-saude-e-conquista-selo-prata-de-imunizacao-em-minas-gerais\/#primaryimage","url":"https:\/\/www.encontraminasgerais.com.br\/ouro-preto\/wp-content\/uploads\/2026\/05\/ouro-preto-se-destaca-na-saude-e-conquista-selo-prata-de-imunizacao-em-minas-gerais.webp","contentUrl":"https:\/\/www.encontraminasgerais.com.br\/ouro-preto\/wp-content\/uploads\/2026\/05\/ouro-preto-se-destaca-na-saude-e-conquista-selo-prata-de-imunizacao-em-minas-gerais.webp","width":280,"height":280,"caption":"Ouro Preto Selo Prata de Imuniza\u00e7\u00e3o"},{"@type":"WebSite","@id":"https:\/\/www.encontraminasgerais.com.br\/ouro-preto\/#website","url":"https:\/\/www.encontraminasgerais.com.br\/ouro-preto\/","name":"Guia Comercial de Ouro Preto MG","description":"O Encontra Ouro Preto \u00e9 o guia mais completo da cidade Ouro Preto com com\u00e9rcios, servi\u00e7os, noticias, jornal, hist\u00f3ria e lazer da cidade.","potentialAction":[{"@type":"SearchAction","target":{"@type":"EntryPoint","urlTemplate":"https:\/\/www.encontraminasgerais.com.br\/ouro-preto\/?s={search_term_string}"},"query-input":{"@type":"PropertyValueSpecification","valueRequired":true,"valueName":"search_term_string"}}],"inLanguage":"pt-BR"},{"@type":"Person","@id":"https:\/\/www.encontraminasgerais.com.br\/ouro-preto\/#\/schema\/person\/d55d0e79e38dd7d6474efd815b181c4d","name":"Encontra Ouro Preto","image":{"@type":"ImageObject","inLanguage":"pt-BR","@id":"https:\/\/secure.gravatar.com\/avatar\/c50c17820bcf322f0a8fd6b110b8c0918141409dc69076470f6fca5fee70a5d4?s=96&d=mm&r=g","url":"https:\/\/secure.gravatar.com\/avatar\/c50c17820bcf322f0a8fd6b110b8c0918141409dc69076470f6fca5fee70a5d4?s=96&d=mm&r=g","contentUrl":"https:\/\/secure.gravatar.com\/avatar\/c50c17820bcf322f0a8fd6b110b8c0918141409dc69076470f6fca5fee70a5d4?s=96&d=mm&r=g","caption":"Encontra Ouro Preto"},"url":"https:\/\/www.encontraminasgerais.com.br\/ouro-preto\/author\/encontraouropreto\/"}]}},"_links":{"self":[{"href":"https:\/\/www.encontraminasgerais.com.br\/ouro-preto\/wp-json\/wp\/v2\/posts\/4723","targetHints":{"allow":["GET"]}}],"collection":[{"href":"https:\/\/www.encontraminasgerais.com.br\/ouro-preto\/wp-json\/wp\/v2\/posts"}],"about":[{"href":"https:\/\/www.encontraminasgerais.com.br\/ouro-preto\/wp-json\/wp\/v2\/types\/post"}],"author":[{"embeddable":true,"href":"https:\/\/www.encontraminasgerais.com.br\/ouro-preto\/wp-json\/wp\/v2\/users\/1"}],"replies":[{"embeddable":true,"href":"https:\/\/www.encontraminasgerais.com.br\/ouro-preto\/wp-json\/wp\/v2\/comments?post=4723"}],"version-history":[{"count":0,"href":"https:\/\/www.encontraminasgerais.com.br\/ouro-preto\/wp-json\/wp\/v2\/posts\/4723\/revisions"}],"wp:featuredmedia":[{"embeddable":true,"href":"https:\/\/www.encontraminasgerais.com.br\/ouro-preto\/wp-json\/wp\/v2\/media\/4722"}],"wp:attachment":[{"href":"https:\/\/www.encontraminasgerais.com.br\/ouro-preto\/wp-json\/wp\/v2\/media?parent=4723"}],"wp:term":[{"taxonomy":"category","embeddable":true,"href":"https:\/\/www.encontraminasgerais.com.br\/ouro-preto\/wp-json\/wp\/v2\/categories?post=4723"},{"taxonomy":"post_tag","embeddable":true,"href":"https:\/\/www.encontraminasgerais.com.br\/ouro-preto\/wp-json\/wp\/v2\/tags?post=4723"}],"curies":[{"name":"wp","href":"https:\/\/api.w.org\/{rel}","templated":true}]}}